{"id":21009,"date":"2023-03-09T10:26:12","date_gmt":"2023-03-09T13:26:12","guid":{"rendered":"https:\/\/smartcherry.cl\/?p=21009"},"modified":"2023-03-11T15:14:34","modified_gmt":"2023-03-11T18:14:34","slug":"mendoza-sera-sede-del-segundo-seminario-internacional-de-cerezas-frescas-tempranas","status":"publish","type":"post","link":"https:\/\/smartcherry.cl\/en\/noticias\/mendoza-sera-sede-del-segundo-seminario-internacional-de-cerezas-frescas-tempranas\/","title":{"rendered":"Mendoza will host the Second International Seminar on Early Fresh Cherries"},"content":{"rendered":"<p>This month, Mendoza will host the Second International Seminar on Early Fresh Cherries. The meeting will take place over two days and will place special emphasis on the production of early varieties and crop protection. <\/p>\n\n\n\n<p>The initiative is promoted by the Mendoza Cherry Chamber, in conjunction with the Ministry of Economy and Energy and the IDR. The Seminar is part of a strategic plan that has been designed jointly by the private sector and the Government of Mendoza, to \u201cdevelop the investment potential of producers\u201d, within the framework of the approval of the law that created the Cherry Integration and Development Fund (FIDEC).\u201d <\/p>\n\n\n\n<p>The meeting will bring together technical speakers and important companies from Argentina, Brazil, Chile, Israel and the United States. The best advisors in the cherry sector will be present, so that participants can learn about early varieties and everything related to their protection, that is, the associated technological package. <\/p>\n\n\n\n<p>\u201cThere will be exhibitions and panels on topics related to the sector, which is constantly growing and expanding. In addition, visitors will be able to tour the stands of companies that offer products and services in the sector,\u201d the organizers announced. <\/p>\n\n\n\n<p>During the second day of the Seminar, the lectures will be complemented with a field trip, where technology providers will train on systems for installing covers and macrotunnels, irrigation and soil regulators, among others. <\/p>\n\n\n\n<p>On this last point, the Ministry of Economy highlighted: \u201cThe owners of the property will take advantage of the occasion to talk about their experiences in production and trade as a result of the investment made in early varieties and in technology for their protection, improvement of the microclimate, quality, productivity and for the advance of the harvest.\u201d<\/p>\n\n\n\n<p><strong>Fresh early cherries from Mendoza<\/strong> <\/p>\n\n\n\n<p>Mendoza obtains the first fruits to be produced in the entire Southern Hemisphere. It is a first for the markets, because it arrives before the Alto Valle, in R\u00edo Negro. It is one of the fruits with the best opportunities in the markets of North America and Asia. <\/p>\n\n\n\n<p>In the last season, the harvest took place around October 20, a time when there is greater availability of labor, better logistics and \u201ca receptive market willing to pay a differential price.\u201d According to a sector representative: \u201call of the above makes it necessary to have these seminars aimed at producers from Mendoza, from other provinces (mainly from Patagonia) and foreign specialists and businessmen, especially from Chile.\u201d<\/p>\n\n\n\n<p>\u201cLast year we participated in a similar event in the North of Chile, where they are working with a contemporary cherry to ours and therefore, there is interest from investors from across the Andes,\u201d commented Facundo Quir\u00f3s, from Mendoza Cherries.<\/p>\n\n\n\n<div class=\"wp-block-buttons is-layout-flex wp-block-buttons-is-layout-flex\">\n<div class=\"wp-block-button aligncenter\"><a class=\"wp-block-button__link wp-element-button\" href=\"https:\/\/smartcherry.cl\/en\/evento\/2o-seminario-internacional-cerezas-frescas-tempranas\/\">More information about this event here!<\/a><\/div>\n<\/div>","protected":false},"excerpt":{"rendered":"<p>It will take place on March 21 and 22, starting at 8 a.m., in the capital of Mendoza and will be aimed at producers, packers, marketers and professionals interested in the production and technical development of the activity.<\/p>","protected":false},"author":224,"featured_media":21081,"comment_status":"closed","ping_status":"open","sticky":false,"template":"","format":"standard","meta":{"_acf_changed":false,"inline_featured_image":false,"footnotes":""},"categories":[35],"tags":[140,1384],"category_proveedor":[],"pais":[],"class_list":["post-21009","post","type-post","status-publish","format-standard","has-post-thumbnail","hentry","category-noticias","tag-seminario","tag-mendoza"],"acf":[],"yoast_head":"<!-- This site is optimized with the Yoast SEO Premium plugin v21.3 (Yoast SEO v27.3) - https:\/\/yoast.com\/product\/yoast-seo-premium-wordpress\/ -->\n<title>Mendoza ser\u00e1 sede del Segundo Seminario Internacional de Cerezas Frescas Tempranas - Smartcherry<\/title>\n<meta name=\"robots\" content=\"index, follow, max-snippet:-1, max-image-preview:large, max-video-preview:-1\" \/>\n<link rel=\"canonical\" href=\"https:\/\/smartcherry.cl\/en\/noticias\/mendoza-sera-sede-del-segundo-seminario-internacional-de-cerezas-frescas-tempranas\/\" \/>\n<meta property=\"og:locale\" content=\"en_US\" \/>\n<meta property=\"og:type\" content=\"article\" \/>\n<meta property=\"og:title\" content=\"Mendoza ser\u00e1 sede del Segundo Seminario Internacional de Cerezas Frescas Tempranas\" \/>\n<meta property=\"og:description\" content=\"Ser\u00e1 el 21 y 22 de marzo, desde las 8, en la capital mendocina y estar\u00e1 dirigido a productores, empacadores, comercializadores y profesionales interesados en la producci\u00f3n y tecnificaci\u00f3n de la actividad.\" \/>\n<meta property=\"og:url\" content=\"https:\/\/smartcherry.cl\/en\/noticias\/mendoza-sera-sede-del-segundo-seminario-internacional-de-cerezas-frescas-tempranas\/\" \/>\n<meta property=\"og:site_name\" content=\"Smartcherry\" \/>\n<meta property=\"article:publisher\" content=\"https:\/\/web.facebook.com\/SmartCherry.cl\/\" \/>\n<meta property=\"article:published_time\" content=\"2023-03-09T13:26:12+00:00\" \/>\n<meta property=\"article:modified_time\" content=\"2023-03-11T18:14:34+00:00\" \/>\n<meta property=\"og:image\" content=\"https:\/\/smartcherry.cl\/wp-content\/uploads\/2023\/03\/Captura-de-pantalla-2023-03-11-a-las-15.13.12.png\" \/>\n\t<meta property=\"og:image:width\" content=\"546\" \/>\n\t<meta property=\"og:image:height\" content=\"776\" \/>\n\t<meta property=\"og:image:type\" content=\"image\/png\" \/>\n<meta name=\"author\" content=\"Smartcherry\" \/>\n<meta name=\"twitter:card\" content=\"summary_large_image\" \/>\n<meta name=\"twitter:creator\" content=\"@SmartCherry_cl\" \/>\n<meta name=\"twitter:site\" content=\"@SmartCherry_cl\" \/>\n<meta name=\"twitter:label1\" content=\"Written by\" \/>\n\t<meta name=\"twitter:data1\" content=\"Smartcherry\" \/>\n\t<meta name=\"twitter:label2\" content=\"Est. reading time\" \/>\n\t<meta name=\"twitter:data2\" content=\"3 minutes\" \/>\n<script type=\"application\/ld+json\" class=\"yoast-schema-graph\">{\"@context\":\"https:\\\/\\\/schema.org\",\"@graph\":[{\"@type\":\"Article\",\"@id\":\"https:\\\/\\\/smartcherry.cl\\\/noticias\\\/mendoza-sera-sede-del-segundo-seminario-internacional-de-cerezas-frescas-tempranas\\\/#article\",\"isPartOf\":{\"@id\":\"https:\\\/\\\/smartcherry.cl\\\/noticias\\\/mendoza-sera-sede-del-segundo-seminario-internacional-de-cerezas-frescas-tempranas\\\/\"},\"author\":{\"name\":\"Smartcherry\",\"@id\":\"https:\\\/\\\/smartcherry.cl\\\/#\\\/schema\\\/person\\\/cc5ad3fbb76cc15ccfacf38ce0684864\"},\"headline\":\"Mendoza ser\u00e1 sede del Segundo Seminario Internacional de Cerezas Frescas Tempranas\",\"datePublished\":\"2023-03-09T13:26:12+00:00\",\"dateModified\":\"2023-03-11T18:14:34+00:00\",\"mainEntityOfPage\":{\"@id\":\"https:\\\/\\\/smartcherry.cl\\\/noticias\\\/mendoza-sera-sede-del-segundo-seminario-internacional-de-cerezas-frescas-tempranas\\\/\"},\"wordCount\":517,\"publisher\":{\"@id\":\"https:\\\/\\\/smartcherry.cl\\\/#organization\"},\"image\":{\"@id\":\"https:\\\/\\\/smartcherry.cl\\\/noticias\\\/mendoza-sera-sede-del-segundo-seminario-internacional-de-cerezas-frescas-tempranas\\\/#primaryimage\"},\"thumbnailUrl\":\"https:\\\/\\\/smartcherry.cl\\\/wp-content\\\/uploads\\\/2023\\\/03\\\/Captura-de-pantalla-2023-03-11-a-las-15.13.12.png\",\"keywords\":[\"seminario\",\"Mendoza\"],\"articleSection\":[\"Noticias\"],\"inLanguage\":\"en-US\"},{\"@type\":\"WebPage\",\"@id\":\"https:\\\/\\\/smartcherry.cl\\\/noticias\\\/mendoza-sera-sede-del-segundo-seminario-internacional-de-cerezas-frescas-tempranas\\\/\",\"url\":\"https:\\\/\\\/smartcherry.cl\\\/noticias\\\/mendoza-sera-sede-del-segundo-seminario-internacional-de-cerezas-frescas-tempranas\\\/\",\"name\":\"Mendoza ser\u00e1 sede del Segundo Seminario Internacional de Cerezas Frescas Tempranas - Smartcherry\",\"isPartOf\":{\"@id\":\"https:\\\/\\\/smartcherry.cl\\\/#website\"},\"primaryImageOfPage\":{\"@id\":\"https:\\\/\\\/smartcherry.cl\\\/noticias\\\/mendoza-sera-sede-del-segundo-seminario-internacional-de-cerezas-frescas-tempranas\\\/#primaryimage\"},\"image\":{\"@id\":\"https:\\\/\\\/smartcherry.cl\\\/noticias\\\/mendoza-sera-sede-del-segundo-seminario-internacional-de-cerezas-frescas-tempranas\\\/#primaryimage\"},\"thumbnailUrl\":\"https:\\\/\\\/smartcherry.cl\\\/wp-content\\\/uploads\\\/2023\\\/03\\\/Captura-de-pantalla-2023-03-11-a-las-15.13.12.png\",\"datePublished\":\"2023-03-09T13:26:12+00:00\",\"dateModified\":\"2023-03-11T18:14:34+00:00\",\"breadcrumb\":{\"@id\":\"https:\\\/\\\/smartcherry.cl\\\/noticias\\\/mendoza-sera-sede-del-segundo-seminario-internacional-de-cerezas-frescas-tempranas\\\/#breadcrumb\"},\"inLanguage\":\"en-US\",\"potentialAction\":[{\"@type\":\"ReadAction\",\"target\":[\"https:\\\/\\\/smartcherry.cl\\\/noticias\\\/mendoza-sera-sede-del-segundo-seminario-internacional-de-cerezas-frescas-tempranas\\\/\"]}]},{\"@type\":\"ImageObject\",\"inLanguage\":\"en-US\",\"@id\":\"https:\\\/\\\/smartcherry.cl\\\/noticias\\\/mendoza-sera-sede-del-segundo-seminario-internacional-de-cerezas-frescas-tempranas\\\/#primaryimage\",\"url\":\"https:\\\/\\\/smartcherry.cl\\\/wp-content\\\/uploads\\\/2023\\\/03\\\/Captura-de-pantalla-2023-03-11-a-las-15.13.12.png\",\"contentUrl\":\"https:\\\/\\\/smartcherry.cl\\\/wp-content\\\/uploads\\\/2023\\\/03\\\/Captura-de-pantalla-2023-03-11-a-las-15.13.12.png\",\"width\":546,\"height\":776},{\"@type\":\"BreadcrumbList\",\"@id\":\"https:\\\/\\\/smartcherry.cl\\\/noticias\\\/mendoza-sera-sede-del-segundo-seminario-internacional-de-cerezas-frescas-tempranas\\\/#breadcrumb\",\"itemListElement\":[{\"@type\":\"ListItem\",\"position\":1,\"name\":\"Home\",\"item\":\"https:\\\/\\\/smartcherry.cl\\\/\"},{\"@type\":\"ListItem\",\"position\":2,\"name\":\"Noticias\",\"item\":\"https:\\\/\\\/smartcherry.cl\\\/category\\\/noticias\\\/\"},{\"@type\":\"ListItem\",\"position\":3,\"name\":\"Mendoza ser\u00e1 sede del Segundo Seminario Internacional de Cerezas Frescas Tempranas\"}]},{\"@type\":\"WebSite\",\"@id\":\"https:\\\/\\\/smartcherry.cl\\\/#website\",\"url\":\"https:\\\/\\\/smartcherry.cl\\\/\",\"name\":\"Smartcherry\",\"description\":\"Sitio de Smartcherry\",\"publisher\":{\"@id\":\"https:\\\/\\\/smartcherry.cl\\\/#organization\"},\"potentialAction\":[{\"@type\":\"SearchAction\",\"target\":{\"@type\":\"EntryPoint\",\"urlTemplate\":\"https:\\\/\\\/smartcherry.cl\\\/?s={search_term_string}\"},\"query-input\":{\"@type\":\"PropertyValueSpecification\",\"valueRequired\":true,\"valueName\":\"search_term_string\"}}],\"inLanguage\":\"en-US\"},{\"@type\":\"Organization\",\"@id\":\"https:\\\/\\\/smartcherry.cl\\\/#organization\",\"name\":\"SmartCherry\",\"url\":\"https:\\\/\\\/smartcherry.cl\\\/\",\"logo\":{\"@type\":\"ImageObject\",\"inLanguage\":\"en-US\",\"@id\":\"https:\\\/\\\/smartcherry.cl\\\/#\\\/schema\\\/logo\\\/image\\\/\",\"url\":\"https:\\\/\\\/smartcherry.cl\\\/wp-content\\\/uploads\\\/2022\\\/02\\\/logo_smartcherry.png\",\"contentUrl\":\"https:\\\/\\\/smartcherry.cl\\\/wp-content\\\/uploads\\\/2022\\\/02\\\/logo_smartcherry.png\",\"width\":411,\"height\":84,\"caption\":\"SmartCherry\"},\"image\":{\"@id\":\"https:\\\/\\\/smartcherry.cl\\\/#\\\/schema\\\/logo\\\/image\\\/\"},\"sameAs\":[\"https:\\\/\\\/web.facebook.com\\\/SmartCherry.cl\\\/\",\"https:\\\/\\\/x.com\\\/SmartCherry_cl\",\"https:\\\/\\\/www.linkedin.com\\\/company\\\/smartcherry\\\/\",\"https:\\\/\\\/www.instagram.com\\\/smartcherry_cl\\\/\",\"https:\\\/\\\/www.youtube.com\\\/channel\\\/UCe007LfgFFnntDgCcqICbPQ\"]},{\"@type\":\"Person\",\"@id\":\"https:\\\/\\\/smartcherry.cl\\\/#\\\/schema\\\/person\\\/cc5ad3fbb76cc15ccfacf38ce0684864\",\"name\":\"Smartcherry\",\"image\":{\"@type\":\"ImageObject\",\"inLanguage\":\"en-US\",\"@id\":\"https:\\\/\\\/smartcherry.cl\\\/wp-content\\\/uploads\\\/2022\\\/03\\\/smartcherry-admin-user-96x96.png\",\"url\":\"https:\\\/\\\/smartcherry.cl\\\/wp-content\\\/uploads\\\/2022\\\/03\\\/smartcherry-admin-user-96x96.png\",\"contentUrl\":\"https:\\\/\\\/smartcherry.cl\\\/wp-content\\\/uploads\\\/2022\\\/03\\\/smartcherry-admin-user-96x96.png\",\"caption\":\"Smartcherry\"},\"url\":\"https:\\\/\\\/smartcherry.cl\\\/en\\\/author\\\/smartcherry\\\/\"}]}<\/script>\n<!-- \/ Yoast SEO Premium plugin. -->","yoast_head_json":{"title":"Mendoza ser\u00e1 sede del Segundo Seminario Internacional de Cerezas Frescas Tempranas - Smartcherry","robots":{"index":"index","follow":"follow","max-snippet":"max-snippet:-1","max-image-preview":"max-image-preview:large","max-video-preview":"max-video-preview:-1"},"canonical":"https:\/\/smartcherry.cl\/en\/noticias\/mendoza-sera-sede-del-segundo-seminario-internacional-de-cerezas-frescas-tempranas\/","og_locale":"en_US","og_type":"article","og_title":"Mendoza ser\u00e1 sede del Segundo Seminario Internacional de Cerezas Frescas Tempranas","og_description":"Ser\u00e1 el 21 y 22 de marzo, desde las 8, en la capital mendocina y estar\u00e1 dirigido a productores, empacadores, comercializadores y profesionales interesados en la producci\u00f3n y tecnificaci\u00f3n de la actividad.","og_url":"https:\/\/smartcherry.cl\/en\/noticias\/mendoza-sera-sede-del-segundo-seminario-internacional-de-cerezas-frescas-tempranas\/","og_site_name":"Smartcherry","article_publisher":"https:\/\/web.facebook.com\/SmartCherry.cl\/","article_published_time":"2023-03-09T13:26:12+00:00","article_modified_time":"2023-03-11T18:14:34+00:00","og_image":[{"width":546,"height":776,"url":"https:\/\/smartcherry.cl\/wp-content\/uploads\/2023\/03\/Captura-de-pantalla-2023-03-11-a-las-15.13.12.png","type":"image\/png"}],"author":"Smartcherry","twitter_card":"summary_large_image","twitter_creator":"@SmartCherry_cl","twitter_site":"@SmartCherry_cl","twitter_misc":{"Written by":"Smartcherry","Est. reading time":"3 minutes"},"schema":{"@context":"https:\/\/schema.org","@graph":[{"@type":"Article","@id":"https:\/\/smartcherry.cl\/noticias\/mendoza-sera-sede-del-segundo-seminario-internacional-de-cerezas-frescas-tempranas\/#article","isPartOf":{"@id":"https:\/\/smartcherry.cl\/noticias\/mendoza-sera-sede-del-segundo-seminario-internacional-de-cerezas-frescas-tempranas\/"},"author":{"name":"Smartcherry","@id":"https:\/\/smartcherry.cl\/#\/schema\/person\/cc5ad3fbb76cc15ccfacf38ce0684864"},"headline":"Mendoza ser\u00e1 sede del Segundo Seminario Internacional de Cerezas Frescas Tempranas","datePublished":"2023-03-09T13:26:12+00:00","dateModified":"2023-03-11T18:14:34+00:00","mainEntityOfPage":{"@id":"https:\/\/smartcherry.cl\/noticias\/mendoza-sera-sede-del-segundo-seminario-internacional-de-cerezas-frescas-tempranas\/"},"wordCount":517,"publisher":{"@id":"https:\/\/smartcherry.cl\/#organization"},"image":{"@id":"https:\/\/smartcherry.cl\/noticias\/mendoza-sera-sede-del-segundo-seminario-internacional-de-cerezas-frescas-tempranas\/#primaryimage"},"thumbnailUrl":"https:\/\/smartcherry.cl\/wp-content\/uploads\/2023\/03\/Captura-de-pantalla-2023-03-11-a-las-15.13.12.png","keywords":["seminario","Mendoza"],"articleSection":["Noticias"],"inLanguage":"en-US"},{"@type":"WebPage","@id":"https:\/\/smartcherry.cl\/noticias\/mendoza-sera-sede-del-segundo-seminario-internacional-de-cerezas-frescas-tempranas\/","url":"https:\/\/smartcherry.cl\/noticias\/mendoza-sera-sede-del-segundo-seminario-internacional-de-cerezas-frescas-tempranas\/","name":"Mendoza ser\u00e1 sede del Segundo Seminario Internacional de Cerezas Frescas Tempranas - Smartcherry","isPartOf":{"@id":"https:\/\/smartcherry.cl\/#website"},"primaryImageOfPage":{"@id":"https:\/\/smartcherry.cl\/noticias\/mendoza-sera-sede-del-segundo-seminario-internacional-de-cerezas-frescas-tempranas\/#primaryimage"},"image":{"@id":"https:\/\/smartcherry.cl\/noticias\/mendoza-sera-sede-del-segundo-seminario-internacional-de-cerezas-frescas-tempranas\/#primaryimage"},"thumbnailUrl":"https:\/\/smartcherry.cl\/wp-content\/uploads\/2023\/03\/Captura-de-pantalla-2023-03-11-a-las-15.13.12.png","datePublished":"2023-03-09T13:26:12+00:00","dateModified":"2023-03-11T18:14:34+00:00","breadcrumb":{"@id":"https:\/\/smartcherry.cl\/noticias\/mendoza-sera-sede-del-segundo-seminario-internacional-de-cerezas-frescas-tempranas\/#breadcrumb"},"inLanguage":"en-US","potentialAction":[{"@type":"ReadAction","target":["https:\/\/smartcherry.cl\/noticias\/mendoza-sera-sede-del-segundo-seminario-internacional-de-cerezas-frescas-tempranas\/"]}]},{"@type":"ImageObject","inLanguage":"en-US","@id":"https:\/\/smartcherry.cl\/noticias\/mendoza-sera-sede-del-segundo-seminario-internacional-de-cerezas-frescas-tempranas\/#primaryimage","url":"https:\/\/smartcherry.cl\/wp-content\/uploads\/2023\/03\/Captura-de-pantalla-2023-03-11-a-las-15.13.12.png","contentUrl":"https:\/\/smartcherry.cl\/wp-content\/uploads\/2023\/03\/Captura-de-pantalla-2023-03-11-a-las-15.13.12.png","width":546,"height":776},{"@type":"BreadcrumbList","@id":"https:\/\/smartcherry.cl\/noticias\/mendoza-sera-sede-del-segundo-seminario-internacional-de-cerezas-frescas-tempranas\/#breadcrumb","itemListElement":[{"@type":"ListItem","position":1,"name":"Home","item":"https:\/\/smartcherry.cl\/"},{"@type":"ListItem","position":2,"name":"Noticias","item":"https:\/\/smartcherry.cl\/category\/noticias\/"},{"@type":"ListItem","position":3,"name":"Mendoza ser\u00e1 sede del Segundo Seminario Internacional de Cerezas Frescas Tempranas"}]},{"@type":"WebSite","@id":"https:\/\/smartcherry.cl\/#website","url":"https:\/\/smartcherry.cl\/","name":"Smartcherry","description":"Smartcherry Site","publisher":{"@id":"https:\/\/smartcherry.cl\/#organization"},"potentialAction":[{"@type":"SearchAction","target":{"@type":"EntryPoint","urlTemplate":"https:\/\/smartcherry.cl\/?s={search_term_string}"},"query-input":{"@type":"PropertyValueSpecification","valueRequired":true,"valueName":"search_term_string"}}],"inLanguage":"en-US"},{"@type":"Organization","@id":"https:\/\/smartcherry.cl\/#organization","name":"SmartCherry","url":"https:\/\/smartcherry.cl\/","logo":{"@type":"ImageObject","inLanguage":"en-US","@id":"https:\/\/smartcherry.cl\/#\/schema\/logo\/image\/","url":"https:\/\/smartcherry.cl\/wp-content\/uploads\/2022\/02\/logo_smartcherry.png","contentUrl":"https:\/\/smartcherry.cl\/wp-content\/uploads\/2022\/02\/logo_smartcherry.png","width":411,"height":84,"caption":"SmartCherry"},"image":{"@id":"https:\/\/smartcherry.cl\/#\/schema\/logo\/image\/"},"sameAs":["https:\/\/web.facebook.com\/SmartCherry.cl\/","https:\/\/x.com\/SmartCherry_cl","https:\/\/www.linkedin.com\/company\/smartcherry\/","https:\/\/www.instagram.com\/smartcherry_cl\/","https:\/\/www.youtube.com\/channel\/UCe007LfgFFnntDgCcqICbPQ"]},{"@type":"Person","@id":"https:\/\/smartcherry.cl\/#\/schema\/person\/cc5ad3fbb76cc15ccfacf38ce0684864","name":"Smartcherry","image":{"@type":"ImageObject","inLanguage":"en-US","@id":"https:\/\/smartcherry.cl\/wp-content\/uploads\/2022\/03\/smartcherry-admin-user-96x96.png","url":"https:\/\/smartcherry.cl\/wp-content\/uploads\/2022\/03\/smartcherry-admin-user-96x96.png","contentUrl":"https:\/\/smartcherry.cl\/wp-content\/uploads\/2022\/03\/smartcherry-admin-user-96x96.png","caption":"Smartcherry"},"url":"https:\/\/smartcherry.cl\/en\/author\/smartcherry\/"}]}},"_links":{"self":[{"href":"https:\/\/smartcherry.cl\/en\/wp-json\/wp\/v2\/posts\/21009","targetHints":{"allow":["GET"]}}],"collection":[{"href":"https:\/\/smartcherry.cl\/en\/wp-json\/wp\/v2\/posts"}],"about":[{"href":"https:\/\/smartcherry.cl\/en\/wp-json\/wp\/v2\/types\/post"}],"author":[{"embeddable":true,"href":"https:\/\/smartcherry.cl\/en\/wp-json\/wp\/v2\/users\/224"}],"replies":[{"embeddable":true,"href":"https:\/\/smartcherry.cl\/en\/wp-json\/wp\/v2\/comments?post=21009"}],"version-history":[{"count":0,"href":"https:\/\/smartcherry.cl\/en\/wp-json\/wp\/v2\/posts\/21009\/revisions"}],"wp:featuredmedia":[{"embeddable":true,"href":"https:\/\/smartcherry.cl\/en\/wp-json\/wp\/v2\/media\/21081"}],"wp:attachment":[{"href":"https:\/\/smartcherry.cl\/en\/wp-json\/wp\/v2\/media?parent=21009"}],"wp:term":[{"taxonomy":"category","embeddable":true,"href":"https:\/\/smartcherry.cl\/en\/wp-json\/wp\/v2\/categories?post=21009"},{"taxonomy":"post_tag","embeddable":true,"href":"https:\/\/smartcherry.cl\/en\/wp-json\/wp\/v2\/tags?post=21009"},{"taxonomy":"category_proveedor","embeddable":true,"href":"https:\/\/smartcherry.cl\/en\/wp-json\/wp\/v2\/category_proveedor?post=21009"},{"taxonomy":"pais","embeddable":true,"href":"https:\/\/smartcherry.cl\/en\/wp-json\/wp\/v2\/pais?post=21009"}],"curies":[{"name":"wp","href":"https:\/\/api.w.org\/{rel}","templated":true}]}}