{"id":20390,"date":"2023-02-09T15:38:50","date_gmt":"2023-02-09T18:38:50","guid":{"rendered":"https:\/\/smartcherry.cl\/?p=20390"},"modified":"2023-02-09T15:56:31","modified_gmt":"2023-02-09T18:56:31","slug":"fundacion-gtt-invita-a-su-xviii-encuentro-nacional","status":"publish","type":"post","link":"https:\/\/smartcherry.cl\/en\/noticias\/fundacion-gtt-invita-a-su-xviii-encuentro-nacional\/","title":{"rendered":"GTT Foundation invites you to its XVIII National Meeting"},"content":{"rendered":"<p>This year, the GTT\u00ae Foundation will be holding its 18th National Meeting on June 30, July 1 and 2 in the city of Valdivia, under the theme of food security.<\/p>\n\n\n\n<figure class=\"wp-block-image aligncenter size-large is-resized\"><img fetchpriority=\"high\" decoding=\"async\" src=\"https:\/\/smartcherry.cl\/wp-content\/uploads\/2023\/02\/WhatsApp-Image-2023-02-09-at-15.24.15-1024x768.jpeg\" alt=\"\" class=\"wp-image-20394\" width=\"541\" height=\"406\" srcset=\"https:\/\/smartcherry.cl\/wp-content\/uploads\/2023\/02\/WhatsApp-Image-2023-02-09-at-15.24.15-1024x768.jpeg 1024w, https:\/\/smartcherry.cl\/wp-content\/uploads\/2023\/02\/WhatsApp-Image-2023-02-09-at-15.24.15-300x225.jpeg 300w, https:\/\/smartcherry.cl\/wp-content\/uploads\/2023\/02\/WhatsApp-Image-2023-02-09-at-15.24.15-768x576.jpeg 768w, https:\/\/smartcherry.cl\/wp-content\/uploads\/2023\/02\/WhatsApp-Image-2023-02-09-at-15.24.15.jpeg 1280w\" sizes=\"(max-width: 541px) 100vw, 541px\" \/><\/figure>\n\n\n\n<p>The foundation hopes to bring together more than 250 farmers who are part of GTT\u00ae and who span the regions of Valpara\u00edso to Magallanes, strengthening ties between farmers and bringing them closer to topics of high interest.<\/p>\n\n\n\n<p>Those who wish to be part of the GTT\u00ae ecosystem or are interested in sponsoring in one of the three categories available at the GTT Foundation can contact Pablo Viguera at the email address pablo.viguera@gtt.cl or at the phone number +569 92974571. <\/p>\n\n\n\n<div class=\"wp-block-buttons is-layout-flex wp-block-buttons-is-layout-flex\">\n<div class=\"wp-block-button aligncenter\"><a class=\"wp-block-button__link wp-element-button\" href=\"https:\/\/smartcherry.cl\/en\/proveedores\/fundacion-gtt\/\">Visit the GTT Foundation Minisite<\/a><\/div>\n<\/div>","protected":false},"excerpt":{"rendered":"<p>Este a\u00f1o la Fundaci\u00f3n GTT\u00ae estar\u00e1 desarrollando su XVIII Encuentro Nacional los d\u00edas 30 de junio, 1 y 2 de julio en la ciudad de Valdivia, bajo la tem\u00e1tica de [&hellip;]<\/p>\n","protected":false},"author":224,"featured_media":20392,"comment_status":"closed","ping_status":"open","sticky":false,"template":"","format":"standard","meta":{"_acf_changed":false,"inline_featured_image":false,"footnotes":""},"categories":[35],"tags":[2422,2514,108,200],"category_proveedor":[],"pais":[],"class_list":["post-20390","post","type-post","status-publish","format-standard","has-post-thumbnail","hentry","category-noticias","tag-noticias","tag-agricultores","tag-cerezas","tag-agricultura"],"acf":[],"yoast_head":"<!-- This site is optimized with the Yoast SEO Premium plugin v21.3 (Yoast SEO v27.3) - https:\/\/yoast.com\/product\/yoast-seo-premium-wordpress\/ -->\n<title>Fundaci\u00f3n GTT invita a su XVIII Encuentro Nacional - Smartcherry<\/title>\n<meta name=\"robots\" content=\"index, follow, max-snippet:-1, max-image-preview:large, max-video-preview:-1\" \/>\n<link rel=\"canonical\" href=\"https:\/\/smartcherry.cl\/en\/noticias\/fundacion-gtt-invita-a-su-xviii-encuentro-nacional\/\" \/>\n<meta property=\"og:locale\" content=\"en_US\" \/>\n<meta property=\"og:type\" content=\"article\" \/>\n<meta property=\"og:title\" content=\"Fundaci\u00f3n GTT invita a su XVIII Encuentro Nacional\" \/>\n<meta property=\"og:description\" content=\"Este a\u00f1o la Fundaci\u00f3n GTT\u00ae estar\u00e1 desarrollando su XVIII Encuentro Nacional los d\u00edas 30 de junio, 1 y 2 de julio en la ciudad de Valdivia, bajo la tem\u00e1tica de [&hellip;]\" \/>\n<meta property=\"og:url\" content=\"https:\/\/smartcherry.cl\/en\/noticias\/fundacion-gtt-invita-a-su-xviii-encuentro-nacional\/\" \/>\n<meta property=\"og:site_name\" content=\"Smartcherry\" \/>\n<meta property=\"article:publisher\" content=\"https:\/\/web.facebook.com\/SmartCherry.cl\/\" \/>\n<meta property=\"article:published_time\" content=\"2023-02-09T18:38:50+00:00\" \/>\n<meta property=\"article:modified_time\" content=\"2023-02-09T18:56:31+00:00\" \/>\n<meta property=\"og:image\" content=\"https:\/\/smartcherry.cl\/wp-content\/uploads\/2023\/02\/odepa-6.jpg\" \/>\n\t<meta property=\"og:image:width\" content=\"700\" \/>\n\t<meta property=\"og:image:height\" content=\"400\" \/>\n\t<meta property=\"og:image:type\" content=\"image\/jpeg\" \/>\n<meta name=\"author\" content=\"Smartcherry\" \/>\n<meta name=\"twitter:card\" content=\"summary_large_image\" \/>\n<meta name=\"twitter:creator\" content=\"@SmartCherry_cl\" \/>\n<meta name=\"twitter:site\" content=\"@SmartCherry_cl\" \/>\n<meta name=\"twitter:label1\" content=\"Written by\" \/>\n\t<meta name=\"twitter:data1\" content=\"Smartcherry\" \/>\n\t<meta name=\"twitter:label2\" content=\"Est. reading time\" \/>\n\t<meta name=\"twitter:data2\" content=\"1 minute\" \/>\n<script type=\"application\/ld+json\" class=\"yoast-schema-graph\">{\"@context\":\"https:\\\/\\\/schema.org\",\"@graph\":[{\"@type\":\"Article\",\"@id\":\"https:\\\/\\\/smartcherry.cl\\\/noticias\\\/fundacion-gtt-invita-a-su-xviii-encuentro-nacional\\\/#article\",\"isPartOf\":{\"@id\":\"https:\\\/\\\/smartcherry.cl\\\/noticias\\\/fundacion-gtt-invita-a-su-xviii-encuentro-nacional\\\/\"},\"author\":{\"name\":\"Smartcherry\",\"@id\":\"https:\\\/\\\/smartcherry.cl\\\/#\\\/schema\\\/person\\\/cc5ad3fbb76cc15ccfacf38ce0684864\"},\"headline\":\"Fundaci\u00f3n GTT invita a su XVIII Encuentro Nacional\",\"datePublished\":\"2023-02-09T18:38:50+00:00\",\"dateModified\":\"2023-02-09T18:56:31+00:00\",\"mainEntityOfPage\":{\"@id\":\"https:\\\/\\\/smartcherry.cl\\\/noticias\\\/fundacion-gtt-invita-a-su-xviii-encuentro-nacional\\\/\"},\"wordCount\":134,\"publisher\":{\"@id\":\"https:\\\/\\\/smartcherry.cl\\\/#organization\"},\"image\":{\"@id\":\"https:\\\/\\\/smartcherry.cl\\\/noticias\\\/fundacion-gtt-invita-a-su-xviii-encuentro-nacional\\\/#primaryimage\"},\"thumbnailUrl\":\"https:\\\/\\\/smartcherry.cl\\\/wp-content\\\/uploads\\\/2023\\\/02\\\/odepa-6.jpg\",\"keywords\":[\"Noticias\",\"Agricultores\",\"cerezas\",\"agricultura\"],\"articleSection\":[\"Noticias\"],\"inLanguage\":\"en-US\"},{\"@type\":\"WebPage\",\"@id\":\"https:\\\/\\\/smartcherry.cl\\\/noticias\\\/fundacion-gtt-invita-a-su-xviii-encuentro-nacional\\\/\",\"url\":\"https:\\\/\\\/smartcherry.cl\\\/noticias\\\/fundacion-gtt-invita-a-su-xviii-encuentro-nacional\\\/\",\"name\":\"Fundaci\u00f3n GTT invita a su XVIII Encuentro Nacional - Smartcherry\",\"isPartOf\":{\"@id\":\"https:\\\/\\\/smartcherry.cl\\\/#website\"},\"primaryImageOfPage\":{\"@id\":\"https:\\\/\\\/smartcherry.cl\\\/noticias\\\/fundacion-gtt-invita-a-su-xviii-encuentro-nacional\\\/#primaryimage\"},\"image\":{\"@id\":\"https:\\\/\\\/smartcherry.cl\\\/noticias\\\/fundacion-gtt-invita-a-su-xviii-encuentro-nacional\\\/#primaryimage\"},\"thumbnailUrl\":\"https:\\\/\\\/smartcherry.cl\\\/wp-content\\\/uploads\\\/2023\\\/02\\\/odepa-6.jpg\",\"datePublished\":\"2023-02-09T18:38:50+00:00\",\"dateModified\":\"2023-02-09T18:56:31+00:00\",\"breadcrumb\":{\"@id\":\"https:\\\/\\\/smartcherry.cl\\\/noticias\\\/fundacion-gtt-invita-a-su-xviii-encuentro-nacional\\\/#breadcrumb\"},\"inLanguage\":\"en-US\",\"potentialAction\":[{\"@type\":\"ReadAction\",\"target\":[\"https:\\\/\\\/smartcherry.cl\\\/noticias\\\/fundacion-gtt-invita-a-su-xviii-encuentro-nacional\\\/\"]}]},{\"@type\":\"ImageObject\",\"inLanguage\":\"en-US\",\"@id\":\"https:\\\/\\\/smartcherry.cl\\\/noticias\\\/fundacion-gtt-invita-a-su-xviii-encuentro-nacional\\\/#primaryimage\",\"url\":\"https:\\\/\\\/smartcherry.cl\\\/wp-content\\\/uploads\\\/2023\\\/02\\\/odepa-6.jpg\",\"contentUrl\":\"https:\\\/\\\/smartcherry.cl\\\/wp-content\\\/uploads\\\/2023\\\/02\\\/odepa-6.jpg\",\"width\":700,\"height\":400},{\"@type\":\"BreadcrumbList\",\"@id\":\"https:\\\/\\\/smartcherry.cl\\\/noticias\\\/fundacion-gtt-invita-a-su-xviii-encuentro-nacional\\\/#breadcrumb\",\"itemListElement\":[{\"@type\":\"ListItem\",\"position\":1,\"name\":\"Home\",\"item\":\"https:\\\/\\\/smartcherry.cl\\\/\"},{\"@type\":\"ListItem\",\"position\":2,\"name\":\"Noticias\",\"item\":\"https:\\\/\\\/smartcherry.cl\\\/category\\\/noticias\\\/\"},{\"@type\":\"ListItem\",\"position\":3,\"name\":\"Fundaci\u00f3n GTT invita a su XVIII Encuentro Nacional\"}]},{\"@type\":\"WebSite\",\"@id\":\"https:\\\/\\\/smartcherry.cl\\\/#website\",\"url\":\"https:\\\/\\\/smartcherry.cl\\\/\",\"name\":\"Smartcherry\",\"description\":\"Sitio de Smartcherry\",\"publisher\":{\"@id\":\"https:\\\/\\\/smartcherry.cl\\\/#organization\"},\"potentialAction\":[{\"@type\":\"SearchAction\",\"target\":{\"@type\":\"EntryPoint\",\"urlTemplate\":\"https:\\\/\\\/smartcherry.cl\\\/?s={search_term_string}\"},\"query-input\":{\"@type\":\"PropertyValueSpecification\",\"valueRequired\":true,\"valueName\":\"search_term_string\"}}],\"inLanguage\":\"en-US\"},{\"@type\":\"Organization\",\"@id\":\"https:\\\/\\\/smartcherry.cl\\\/#organization\",\"name\":\"SmartCherry\",\"url\":\"https:\\\/\\\/smartcherry.cl\\\/\",\"logo\":{\"@type\":\"ImageObject\",\"inLanguage\":\"en-US\",\"@id\":\"https:\\\/\\\/smartcherry.cl\\\/#\\\/schema\\\/logo\\\/image\\\/\",\"url\":\"https:\\\/\\\/smartcherry.cl\\\/wp-content\\\/uploads\\\/2022\\\/02\\\/logo_smartcherry.png\",\"contentUrl\":\"https:\\\/\\\/smartcherry.cl\\\/wp-content\\\/uploads\\\/2022\\\/02\\\/logo_smartcherry.png\",\"width\":411,\"height\":84,\"caption\":\"SmartCherry\"},\"image\":{\"@id\":\"https:\\\/\\\/smartcherry.cl\\\/#\\\/schema\\\/logo\\\/image\\\/\"},\"sameAs\":[\"https:\\\/\\\/web.facebook.com\\\/SmartCherry.cl\\\/\",\"https:\\\/\\\/x.com\\\/SmartCherry_cl\",\"https:\\\/\\\/www.linkedin.com\\\/company\\\/smartcherry\\\/\",\"https:\\\/\\\/www.instagram.com\\\/smartcherry_cl\\\/\",\"https:\\\/\\\/www.youtube.com\\\/channel\\\/UCe007LfgFFnntDgCcqICbPQ\"]},{\"@type\":\"Person\",\"@id\":\"https:\\\/\\\/smartcherry.cl\\\/#\\\/schema\\\/person\\\/cc5ad3fbb76cc15ccfacf38ce0684864\",\"name\":\"Smartcherry\",\"image\":{\"@type\":\"ImageObject\",\"inLanguage\":\"en-US\",\"@id\":\"https:\\\/\\\/smartcherry.cl\\\/wp-content\\\/uploads\\\/2022\\\/03\\\/smartcherry-admin-user-96x96.png\",\"url\":\"https:\\\/\\\/smartcherry.cl\\\/wp-content\\\/uploads\\\/2022\\\/03\\\/smartcherry-admin-user-96x96.png\",\"contentUrl\":\"https:\\\/\\\/smartcherry.cl\\\/wp-content\\\/uploads\\\/2022\\\/03\\\/smartcherry-admin-user-96x96.png\",\"caption\":\"Smartcherry\"},\"url\":\"https:\\\/\\\/smartcherry.cl\\\/en\\\/author\\\/smartcherry\\\/\"}]}<\/script>\n<!-- \/ Yoast SEO Premium plugin. -->","yoast_head_json":{"title":"Fundaci\u00f3n GTT invita a su XVIII Encuentro Nacional - Smartcherry","robots":{"index":"index","follow":"follow","max-snippet":"max-snippet:-1","max-image-preview":"max-image-preview:large","max-video-preview":"max-video-preview:-1"},"canonical":"https:\/\/smartcherry.cl\/en\/noticias\/fundacion-gtt-invita-a-su-xviii-encuentro-nacional\/","og_locale":"en_US","og_type":"article","og_title":"Fundaci\u00f3n GTT invita a su XVIII Encuentro Nacional","og_description":"Este a\u00f1o la Fundaci\u00f3n GTT\u00ae estar\u00e1 desarrollando su XVIII Encuentro Nacional los d\u00edas 30 de junio, 1 y 2 de julio en la ciudad de Valdivia, bajo la tem\u00e1tica de [&hellip;]","og_url":"https:\/\/smartcherry.cl\/en\/noticias\/fundacion-gtt-invita-a-su-xviii-encuentro-nacional\/","og_site_name":"Smartcherry","article_publisher":"https:\/\/web.facebook.com\/SmartCherry.cl\/","article_published_time":"2023-02-09T18:38:50+00:00","article_modified_time":"2023-02-09T18:56:31+00:00","og_image":[{"width":700,"height":400,"url":"https:\/\/smartcherry.cl\/wp-content\/uploads\/2023\/02\/odepa-6.jpg","type":"image\/jpeg"}],"author":"Smartcherry","twitter_card":"summary_large_image","twitter_creator":"@SmartCherry_cl","twitter_site":"@SmartCherry_cl","twitter_misc":{"Written by":"Smartcherry","Est. reading time":"1 minute"},"schema":{"@context":"https:\/\/schema.org","@graph":[{"@type":"Article","@id":"https:\/\/smartcherry.cl\/noticias\/fundacion-gtt-invita-a-su-xviii-encuentro-nacional\/#article","isPartOf":{"@id":"https:\/\/smartcherry.cl\/noticias\/fundacion-gtt-invita-a-su-xviii-encuentro-nacional\/"},"author":{"name":"Smartcherry","@id":"https:\/\/smartcherry.cl\/#\/schema\/person\/cc5ad3fbb76cc15ccfacf38ce0684864"},"headline":"Fundaci\u00f3n GTT invita a su XVIII Encuentro Nacional","datePublished":"2023-02-09T18:38:50+00:00","dateModified":"2023-02-09T18:56:31+00:00","mainEntityOfPage":{"@id":"https:\/\/smartcherry.cl\/noticias\/fundacion-gtt-invita-a-su-xviii-encuentro-nacional\/"},"wordCount":134,"publisher":{"@id":"https:\/\/smartcherry.cl\/#organization"},"image":{"@id":"https:\/\/smartcherry.cl\/noticias\/fundacion-gtt-invita-a-su-xviii-encuentro-nacional\/#primaryimage"},"thumbnailUrl":"https:\/\/smartcherry.cl\/wp-content\/uploads\/2023\/02\/odepa-6.jpg","keywords":["Noticias","Agricultores","cerezas","agricultura"],"articleSection":["Noticias"],"inLanguage":"en-US"},{"@type":"WebPage","@id":"https:\/\/smartcherry.cl\/noticias\/fundacion-gtt-invita-a-su-xviii-encuentro-nacional\/","url":"https:\/\/smartcherry.cl\/noticias\/fundacion-gtt-invita-a-su-xviii-encuentro-nacional\/","name":"Fundaci\u00f3n GTT invita a su XVIII Encuentro Nacional - Smartcherry","isPartOf":{"@id":"https:\/\/smartcherry.cl\/#website"},"primaryImageOfPage":{"@id":"https:\/\/smartcherry.cl\/noticias\/fundacion-gtt-invita-a-su-xviii-encuentro-nacional\/#primaryimage"},"image":{"@id":"https:\/\/smartcherry.cl\/noticias\/fundacion-gtt-invita-a-su-xviii-encuentro-nacional\/#primaryimage"},"thumbnailUrl":"https:\/\/smartcherry.cl\/wp-content\/uploads\/2023\/02\/odepa-6.jpg","datePublished":"2023-02-09T18:38:50+00:00","dateModified":"2023-02-09T18:56:31+00:00","breadcrumb":{"@id":"https:\/\/smartcherry.cl\/noticias\/fundacion-gtt-invita-a-su-xviii-encuentro-nacional\/#breadcrumb"},"inLanguage":"en-US","potentialAction":[{"@type":"ReadAction","target":["https:\/\/smartcherry.cl\/noticias\/fundacion-gtt-invita-a-su-xviii-encuentro-nacional\/"]}]},{"@type":"ImageObject","inLanguage":"en-US","@id":"https:\/\/smartcherry.cl\/noticias\/fundacion-gtt-invita-a-su-xviii-encuentro-nacional\/#primaryimage","url":"https:\/\/smartcherry.cl\/wp-content\/uploads\/2023\/02\/odepa-6.jpg","contentUrl":"https:\/\/smartcherry.cl\/wp-content\/uploads\/2023\/02\/odepa-6.jpg","width":700,"height":400},{"@type":"BreadcrumbList","@id":"https:\/\/smartcherry.cl\/noticias\/fundacion-gtt-invita-a-su-xviii-encuentro-nacional\/#breadcrumb","itemListElement":[{"@type":"ListItem","position":1,"name":"Home","item":"https:\/\/smartcherry.cl\/"},{"@type":"ListItem","position":2,"name":"Noticias","item":"https:\/\/smartcherry.cl\/category\/noticias\/"},{"@type":"ListItem","position":3,"name":"Fundaci\u00f3n GTT invita a su XVIII Encuentro Nacional"}]},{"@type":"WebSite","@id":"https:\/\/smartcherry.cl\/#website","url":"https:\/\/smartcherry.cl\/","name":"Smartcherry","description":"Smartcherry Site","publisher":{"@id":"https:\/\/smartcherry.cl\/#organization"},"potentialAction":[{"@type":"SearchAction","target":{"@type":"EntryPoint","urlTemplate":"https:\/\/smartcherry.cl\/?s={search_term_string}"},"query-input":{"@type":"PropertyValueSpecification","valueRequired":true,"valueName":"search_term_string"}}],"inLanguage":"en-US"},{"@type":"Organization","@id":"https:\/\/smartcherry.cl\/#organization","name":"SmartCherry","url":"https:\/\/smartcherry.cl\/","logo":{"@type":"ImageObject","inLanguage":"en-US","@id":"https:\/\/smartcherry.cl\/#\/schema\/logo\/image\/","url":"https:\/\/smartcherry.cl\/wp-content\/uploads\/2022\/02\/logo_smartcherry.png","contentUrl":"https:\/\/smartcherry.cl\/wp-content\/uploads\/2022\/02\/logo_smartcherry.png","width":411,"height":84,"caption":"SmartCherry"},"image":{"@id":"https:\/\/smartcherry.cl\/#\/schema\/logo\/image\/"},"sameAs":["https:\/\/web.facebook.com\/SmartCherry.cl\/","https:\/\/x.com\/SmartCherry_cl","https:\/\/www.linkedin.com\/company\/smartcherry\/","https:\/\/www.instagram.com\/smartcherry_cl\/","https:\/\/www.youtube.com\/channel\/UCe007LfgFFnntDgCcqICbPQ"]},{"@type":"Person","@id":"https:\/\/smartcherry.cl\/#\/schema\/person\/cc5ad3fbb76cc15ccfacf38ce0684864","name":"Smartcherry","image":{"@type":"ImageObject","inLanguage":"en-US","@id":"https:\/\/smartcherry.cl\/wp-content\/uploads\/2022\/03\/smartcherry-admin-user-96x96.png","url":"https:\/\/smartcherry.cl\/wp-content\/uploads\/2022\/03\/smartcherry-admin-user-96x96.png","contentUrl":"https:\/\/smartcherry.cl\/wp-content\/uploads\/2022\/03\/smartcherry-admin-user-96x96.png","caption":"Smartcherry"},"url":"https:\/\/smartcherry.cl\/en\/author\/smartcherry\/"}]}},"_links":{"self":[{"href":"https:\/\/smartcherry.cl\/en\/wp-json\/wp\/v2\/posts\/20390","targetHints":{"allow":["GET"]}}],"collection":[{"href":"https:\/\/smartcherry.cl\/en\/wp-json\/wp\/v2\/posts"}],"about":[{"href":"https:\/\/smartcherry.cl\/en\/wp-json\/wp\/v2\/types\/post"}],"author":[{"embeddable":true,"href":"https:\/\/smartcherry.cl\/en\/wp-json\/wp\/v2\/users\/224"}],"replies":[{"embeddable":true,"href":"https:\/\/smartcherry.cl\/en\/wp-json\/wp\/v2\/comments?post=20390"}],"version-history":[{"count":0,"href":"https:\/\/smartcherry.cl\/en\/wp-json\/wp\/v2\/posts\/20390\/revisions"}],"wp:featuredmedia":[{"embeddable":true,"href":"https:\/\/smartcherry.cl\/en\/wp-json\/wp\/v2\/media\/20392"}],"wp:attachment":[{"href":"https:\/\/smartcherry.cl\/en\/wp-json\/wp\/v2\/media?parent=20390"}],"wp:term":[{"taxonomy":"category","embeddable":true,"href":"https:\/\/smartcherry.cl\/en\/wp-json\/wp\/v2\/categories?post=20390"},{"taxonomy":"post_tag","embeddable":true,"href":"https:\/\/smartcherry.cl\/en\/wp-json\/wp\/v2\/tags?post=20390"},{"taxonomy":"category_proveedor","embeddable":true,"href":"https:\/\/smartcherry.cl\/en\/wp-json\/wp\/v2\/category_proveedor?post=20390"},{"taxonomy":"pais","embeddable":true,"href":"https:\/\/smartcherry.cl\/en\/wp-json\/wp\/v2\/pais?post=20390"}],"curies":[{"name":"wp","href":"https:\/\/api.w.org\/{rel}","templated":true}]}}