{"id":20321,"date":"2023-02-08T13:55:44","date_gmt":"2023-02-08T16:55:44","guid":{"rendered":"https:\/\/smartcherry.cl\/?p=20321"},"modified":"2023-02-08T17:50:23","modified_gmt":"2023-02-08T20:50:23","slug":"asoex-manifiesta-preocupacion-ante-los-incendios-que-afectan-al-pais-y-anuncia-coordinacion-con-autoridades-para-ir-en-apoyo","status":"publish","type":"post","link":"https:\/\/smartcherry.cl\/en\/noticias\/asoex-manifiesta-preocupacion-ante-los-incendios-que-afectan-al-pais-y-anuncia-coordinacion-con-autoridades-para-ir-en-apoyo\/","title":{"rendered":"Asoex expresses concern about the fires affecting the country and announces coordination with authorities to provide support"},"content":{"rendered":"<p class=\"wp-block-paragraph\">The president of the Association of Fruit Exporters of Chile AG (ASOEX), Iv\u00e1n Marambio, said that the sector is evaluating the situation of the fields, processing plants and fruit workers in the areas affected by the fires, and that it is coordinating with the authorities to support the actions that are required.<\/p>\n\n\n\n<p class=\"wp-block-paragraph\">The helmsman sent his condolences to the families and friends of those who have died, as well as his best wishes for the recovery of those who have been injured in these days.<\/p>\n\n\n\n<p class=\"wp-block-paragraph\"><em>\u00abThe situation in the country is really complex, as nature, our fields, and its people are experiencing the ravages of various fires that are exacerbated by the effects of climate change, such as drought. We stand in solidarity with the families who have lost everything, and especially with those who have lost someone or have been injured. As ASOEX, we have already expressed to the authorities our desire to support\u00bb<\/em>, Marambio said.<\/p>\n\n\n\n<p class=\"wp-block-paragraph\">In that same sense, Canala-Echeverr\u00eda added that <em>&quot;Given the situation, we are in coordination with the Ministry of Agriculture, with the aim of collaborating in all those aspects defined by the authorities. We believe that it is a time to unite and work together for the good of all.&quot;<\/em><\/p>\n\n\n\n<p class=\"wp-block-paragraph\">Finally, regarding the situation of the export fruit industry, Iv\u00e1n Marambio pointed out: <em>&quot;So far we have not received information about serious effects on our sector, since, due to their nature and compliance with certain protocols, both plantations and packing plants are located far from forest areas. However, we are on alert and constantly evaluating the situation,&quot;<\/em> hill.<\/p>","protected":false},"excerpt":{"rendered":"<p>El presidente de la Asociaci\u00f3n de Exportadores de Frutas de Chile AG (ASOEX), Iv\u00e1n Marambio, precis\u00f3 que el sector se encuentra evaluando la situaci\u00f3n de los campos, plantas de proceso [&hellip;]<\/p>\n","protected":false},"author":224,"featured_media":20335,"comment_status":"closed","ping_status":"open","sticky":false,"template":"","format":"standard","meta":{"_acf_changed":false,"inline_featured_image":false,"footnotes":""},"categories":[35],"tags":[114,2505],"category_proveedor":[],"pais":[],"class_list":["post-20321","post","type-post","status-publish","format-standard","has-post-thumbnail","hentry","category-noticias","tag-asoex","tag-incendios"],"acf":[],"yoast_head":"<!-- This site is optimized with the Yoast SEO Premium plugin v21.3 (Yoast SEO v28.3) - https:\/\/yoast.com\/product\/yoast-seo-premium-wordpress\/ -->\n<title>Asoex manifiesta preocupaci\u00f3n ante los incendios que afectan al pa\u00eds y anuncia coordinaci\u00f3n con autoridades para ir en apoyo - Smartcherry<\/title>\n<meta name=\"robots\" content=\"index, follow, max-snippet:-1, max-image-preview:large, max-video-preview:-1\" \/>\n<link rel=\"canonical\" href=\"https:\/\/smartcherry.cl\/en\/noticias\/asoex-manifiesta-preocupacion-ante-los-incendios-que-afectan-al-pais-y-anuncia-coordinacion-con-autoridades-para-ir-en-apoyo\/\" \/>\n<meta property=\"og:locale\" content=\"en_US\" \/>\n<meta property=\"og:type\" content=\"article\" \/>\n<meta property=\"og:title\" content=\"Asoex manifiesta preocupaci\u00f3n ante los incendios que afectan al pa\u00eds y anuncia coordinaci\u00f3n con autoridades para ir en apoyo\" \/>\n<meta property=\"og:description\" content=\"El presidente de la Asociaci\u00f3n de Exportadores de Frutas de Chile AG (ASOEX), Iv\u00e1n Marambio, precis\u00f3 que el sector se encuentra evaluando la situaci\u00f3n de los campos, plantas de proceso [&hellip;]\" \/>\n<meta property=\"og:url\" content=\"https:\/\/smartcherry.cl\/en\/noticias\/asoex-manifiesta-preocupacion-ante-los-incendios-que-afectan-al-pais-y-anuncia-coordinacion-con-autoridades-para-ir-en-apoyo\/\" \/>\n<meta property=\"og:site_name\" content=\"Smartcherry\" \/>\n<meta property=\"article:publisher\" content=\"https:\/\/web.facebook.com\/SmartCherry.cl\/\" \/>\n<meta property=\"article:published_time\" content=\"2023-02-08T16:55:44+00:00\" \/>\n<meta property=\"article:modified_time\" content=\"2023-02-08T20:50:23+00:00\" \/>\n<meta property=\"og:image\" content=\"https:\/\/smartcherry.cl\/wp-content\/uploads\/2023\/02\/WhatsApp-Image-2023-02-08-at-14.13.03.jpeg\" \/>\n\t<meta property=\"og:image:width\" content=\"500\" \/>\n\t<meta property=\"og:image:height\" content=\"539\" \/>\n\t<meta property=\"og:image:type\" content=\"image\/jpeg\" \/>\n<meta name=\"author\" content=\"Smartcherry\" \/>\n<meta name=\"twitter:card\" content=\"summary_large_image\" \/>\n<meta name=\"twitter:creator\" content=\"@SmartCherry_cl\" \/>\n<meta name=\"twitter:site\" content=\"@SmartCherry_cl\" \/>\n<meta name=\"twitter:label1\" content=\"Written by\" \/>\n\t<meta name=\"twitter:data1\" content=\"Smartcherry\" \/>\n\t<meta name=\"twitter:label2\" content=\"Est. reading time\" \/>\n\t<meta name=\"twitter:data2\" content=\"2 minutes\" \/>\n<script type=\"application\/ld+json\" class=\"yoast-schema-graph\">{\"@context\":\"https:\\\/\\\/schema.org\",\"@graph\":[{\"@type\":\"Article\",\"@id\":\"https:\\\/\\\/smartcherry.cl\\\/noticias\\\/asoex-manifiesta-preocupacion-ante-los-incendios-que-afectan-al-pais-y-anuncia-coordinacion-con-autoridades-para-ir-en-apoyo\\\/#article\",\"isPartOf\":{\"@id\":\"https:\\\/\\\/smartcherry.cl\\\/noticias\\\/asoex-manifiesta-preocupacion-ante-los-incendios-que-afectan-al-pais-y-anuncia-coordinacion-con-autoridades-para-ir-en-apoyo\\\/\"},\"author\":{\"name\":\"Smartcherry\",\"@id\":\"https:\\\/\\\/smartcherry.cl\\\/#\\\/schema\\\/person\\\/cc5ad3fbb76cc15ccfacf38ce0684864\"},\"headline\":\"Asoex manifiesta preocupaci\u00f3n ante los incendios que afectan al pa\u00eds y anuncia coordinaci\u00f3n con autoridades para ir en apoyo\",\"datePublished\":\"2023-02-08T16:55:44+00:00\",\"dateModified\":\"2023-02-08T20:50:23+00:00\",\"mainEntityOfPage\":{\"@id\":\"https:\\\/\\\/smartcherry.cl\\\/noticias\\\/asoex-manifiesta-preocupacion-ante-los-incendios-que-afectan-al-pais-y-anuncia-coordinacion-con-autoridades-para-ir-en-apoyo\\\/\"},\"wordCount\":317,\"publisher\":{\"@id\":\"https:\\\/\\\/smartcherry.cl\\\/#organization\"},\"image\":{\"@id\":\"https:\\\/\\\/smartcherry.cl\\\/noticias\\\/asoex-manifiesta-preocupacion-ante-los-incendios-que-afectan-al-pais-y-anuncia-coordinacion-con-autoridades-para-ir-en-apoyo\\\/#primaryimage\"},\"thumbnailUrl\":\"https:\\\/\\\/smartcherry.cl\\\/wp-content\\\/uploads\\\/2023\\\/02\\\/WhatsApp-Image-2023-02-08-at-14.13.03.jpeg\",\"keywords\":[\"Asoex\",\"incendios\"],\"articleSection\":[\"Noticias\"],\"inLanguage\":\"en-US\"},{\"@type\":\"WebPage\",\"@id\":\"https:\\\/\\\/smartcherry.cl\\\/noticias\\\/asoex-manifiesta-preocupacion-ante-los-incendios-que-afectan-al-pais-y-anuncia-coordinacion-con-autoridades-para-ir-en-apoyo\\\/\",\"url\":\"https:\\\/\\\/smartcherry.cl\\\/noticias\\\/asoex-manifiesta-preocupacion-ante-los-incendios-que-afectan-al-pais-y-anuncia-coordinacion-con-autoridades-para-ir-en-apoyo\\\/\",\"name\":\"Asoex manifiesta preocupaci\u00f3n ante los incendios que afectan al pa\u00eds y anuncia coordinaci\u00f3n con autoridades para ir en apoyo - Smartcherry\",\"isPartOf\":{\"@id\":\"https:\\\/\\\/smartcherry.cl\\\/#website\"},\"primaryImageOfPage\":{\"@id\":\"https:\\\/\\\/smartcherry.cl\\\/noticias\\\/asoex-manifiesta-preocupacion-ante-los-incendios-que-afectan-al-pais-y-anuncia-coordinacion-con-autoridades-para-ir-en-apoyo\\\/#primaryimage\"},\"image\":{\"@id\":\"https:\\\/\\\/smartcherry.cl\\\/noticias\\\/asoex-manifiesta-preocupacion-ante-los-incendios-que-afectan-al-pais-y-anuncia-coordinacion-con-autoridades-para-ir-en-apoyo\\\/#primaryimage\"},\"thumbnailUrl\":\"https:\\\/\\\/smartcherry.cl\\\/wp-content\\\/uploads\\\/2023\\\/02\\\/WhatsApp-Image-2023-02-08-at-14.13.03.jpeg\",\"datePublished\":\"2023-02-08T16:55:44+00:00\",\"dateModified\":\"2023-02-08T20:50:23+00:00\",\"breadcrumb\":{\"@id\":\"https:\\\/\\\/smartcherry.cl\\\/noticias\\\/asoex-manifiesta-preocupacion-ante-los-incendios-que-afectan-al-pais-y-anuncia-coordinacion-con-autoridades-para-ir-en-apoyo\\\/#breadcrumb\"},\"inLanguage\":\"en-US\",\"potentialAction\":[{\"@type\":\"ReadAction\",\"target\":[\"https:\\\/\\\/smartcherry.cl\\\/noticias\\\/asoex-manifiesta-preocupacion-ante-los-incendios-que-afectan-al-pais-y-anuncia-coordinacion-con-autoridades-para-ir-en-apoyo\\\/\"]}]},{\"@type\":\"ImageObject\",\"inLanguage\":\"en-US\",\"@id\":\"https:\\\/\\\/smartcherry.cl\\\/noticias\\\/asoex-manifiesta-preocupacion-ante-los-incendios-que-afectan-al-pais-y-anuncia-coordinacion-con-autoridades-para-ir-en-apoyo\\\/#primaryimage\",\"url\":\"https:\\\/\\\/smartcherry.cl\\\/wp-content\\\/uploads\\\/2023\\\/02\\\/WhatsApp-Image-2023-02-08-at-14.13.03.jpeg\",\"contentUrl\":\"https:\\\/\\\/smartcherry.cl\\\/wp-content\\\/uploads\\\/2023\\\/02\\\/WhatsApp-Image-2023-02-08-at-14.13.03.jpeg\",\"width\":500,\"height\":539},{\"@type\":\"BreadcrumbList\",\"@id\":\"https:\\\/\\\/smartcherry.cl\\\/noticias\\\/asoex-manifiesta-preocupacion-ante-los-incendios-que-afectan-al-pais-y-anuncia-coordinacion-con-autoridades-para-ir-en-apoyo\\\/#breadcrumb\",\"itemListElement\":[{\"@type\":\"ListItem\",\"position\":1,\"name\":\"Home\",\"item\":\"https:\\\/\\\/smartcherry.cl\\\/\"},{\"@type\":\"ListItem\",\"position\":2,\"name\":\"Noticias\",\"item\":\"https:\\\/\\\/smartcherry.cl\\\/category\\\/noticias\\\/\"},{\"@type\":\"ListItem\",\"position\":3,\"name\":\"Asoex manifiesta preocupaci\u00f3n ante los incendios que afectan al pa\u00eds y anuncia coordinaci\u00f3n con autoridades para ir en apoyo\"}]},{\"@type\":\"WebSite\",\"@id\":\"https:\\\/\\\/smartcherry.cl\\\/#website\",\"url\":\"https:\\\/\\\/smartcherry.cl\\\/\",\"name\":\"Smartcherry\",\"description\":\"Sitio de Smartcherry\",\"publisher\":{\"@id\":\"https:\\\/\\\/smartcherry.cl\\\/#organization\"},\"potentialAction\":[{\"@type\":\"SearchAction\",\"target\":{\"@type\":\"EntryPoint\",\"urlTemplate\":\"https:\\\/\\\/smartcherry.cl\\\/?s={search_term_string}\"},\"query-input\":{\"@type\":\"PropertyValueSpecification\",\"valueRequired\":true,\"valueName\":\"search_term_string\"}}],\"inLanguage\":\"en-US\"},{\"@type\":\"Organization\",\"@id\":\"https:\\\/\\\/smartcherry.cl\\\/#organization\",\"name\":\"SmartCherry\",\"url\":\"https:\\\/\\\/smartcherry.cl\\\/\",\"logo\":{\"@type\":\"ImageObject\",\"inLanguage\":\"en-US\",\"@id\":\"https:\\\/\\\/smartcherry.cl\\\/#\\\/schema\\\/logo\\\/image\\\/\",\"url\":\"https:\\\/\\\/smartcherry.cl\\\/wp-content\\\/uploads\\\/2022\\\/02\\\/logo_smartcherry.png\",\"contentUrl\":\"https:\\\/\\\/smartcherry.cl\\\/wp-content\\\/uploads\\\/2022\\\/02\\\/logo_smartcherry.png\",\"width\":411,\"height\":84,\"caption\":\"SmartCherry\"},\"image\":{\"@id\":\"https:\\\/\\\/smartcherry.cl\\\/#\\\/schema\\\/logo\\\/image\\\/\"},\"sameAs\":[\"https:\\\/\\\/web.facebook.com\\\/SmartCherry.cl\\\/\",\"https:\\\/\\\/x.com\\\/SmartCherry_cl\",\"https:\\\/\\\/www.linkedin.com\\\/company\\\/smartcherry\\\/\",\"https:\\\/\\\/www.instagram.com\\\/smartcherry_cl\\\/\",\"https:\\\/\\\/www.youtube.com\\\/channel\\\/UCe007LfgFFnntDgCcqICbPQ\"]},{\"@type\":\"Person\",\"@id\":\"https:\\\/\\\/smartcherry.cl\\\/#\\\/schema\\\/person\\\/cc5ad3fbb76cc15ccfacf38ce0684864\",\"name\":\"Smartcherry\",\"image\":{\"@type\":\"ImageObject\",\"inLanguage\":\"en-US\",\"@id\":\"https:\\\/\\\/smartcherry.cl\\\/wp-content\\\/uploads\\\/2022\\\/03\\\/smartcherry-admin-user-96x96.png\",\"url\":\"https:\\\/\\\/smartcherry.cl\\\/wp-content\\\/uploads\\\/2022\\\/03\\\/smartcherry-admin-user-96x96.png\",\"contentUrl\":\"https:\\\/\\\/smartcherry.cl\\\/wp-content\\\/uploads\\\/2022\\\/03\\\/smartcherry-admin-user-96x96.png\",\"caption\":\"Smartcherry\"},\"url\":\"https:\\\/\\\/smartcherry.cl\\\/en\\\/author\\\/smartcherry\\\/\"}]}<\/script>\n<!-- \/ Yoast SEO Premium plugin. -->","yoast_head_json":{"title":"Asoex manifiesta preocupaci\u00f3n ante los incendios que afectan al pa\u00eds y anuncia coordinaci\u00f3n con autoridades para ir en apoyo - Smartcherry","robots":{"index":"index","follow":"follow","max-snippet":"max-snippet:-1","max-image-preview":"max-image-preview:large","max-video-preview":"max-video-preview:-1"},"canonical":"https:\/\/smartcherry.cl\/en\/noticias\/asoex-manifiesta-preocupacion-ante-los-incendios-que-afectan-al-pais-y-anuncia-coordinacion-con-autoridades-para-ir-en-apoyo\/","og_locale":"en_US","og_type":"article","og_title":"Asoex manifiesta preocupaci\u00f3n ante los incendios que afectan al pa\u00eds y anuncia coordinaci\u00f3n con autoridades para ir en apoyo","og_description":"El presidente de la Asociaci\u00f3n de Exportadores de Frutas de Chile AG (ASOEX), Iv\u00e1n Marambio, precis\u00f3 que el sector se encuentra evaluando la situaci\u00f3n de los campos, plantas de proceso [&hellip;]","og_url":"https:\/\/smartcherry.cl\/en\/noticias\/asoex-manifiesta-preocupacion-ante-los-incendios-que-afectan-al-pais-y-anuncia-coordinacion-con-autoridades-para-ir-en-apoyo\/","og_site_name":"Smartcherry","article_publisher":"https:\/\/web.facebook.com\/SmartCherry.cl\/","article_published_time":"2023-02-08T16:55:44+00:00","article_modified_time":"2023-02-08T20:50:23+00:00","og_image":[{"width":500,"height":539,"url":"https:\/\/smartcherry.cl\/wp-content\/uploads\/2023\/02\/WhatsApp-Image-2023-02-08-at-14.13.03.jpeg","type":"image\/jpeg"}],"author":"Smartcherry","twitter_card":"summary_large_image","twitter_creator":"@SmartCherry_cl","twitter_site":"@SmartCherry_cl","twitter_misc":{"Written by":"Smartcherry","Est. reading time":"2 minutes"},"schema":{"@context":"https:\/\/schema.org","@graph":[{"@type":"Article","@id":"https:\/\/smartcherry.cl\/noticias\/asoex-manifiesta-preocupacion-ante-los-incendios-que-afectan-al-pais-y-anuncia-coordinacion-con-autoridades-para-ir-en-apoyo\/#article","isPartOf":{"@id":"https:\/\/smartcherry.cl\/noticias\/asoex-manifiesta-preocupacion-ante-los-incendios-que-afectan-al-pais-y-anuncia-coordinacion-con-autoridades-para-ir-en-apoyo\/"},"author":{"name":"Smartcherry","@id":"https:\/\/smartcherry.cl\/#\/schema\/person\/cc5ad3fbb76cc15ccfacf38ce0684864"},"headline":"Asoex manifiesta preocupaci\u00f3n ante los incendios que afectan al pa\u00eds y anuncia coordinaci\u00f3n con autoridades para ir en apoyo","datePublished":"2023-02-08T16:55:44+00:00","dateModified":"2023-02-08T20:50:23+00:00","mainEntityOfPage":{"@id":"https:\/\/smartcherry.cl\/noticias\/asoex-manifiesta-preocupacion-ante-los-incendios-que-afectan-al-pais-y-anuncia-coordinacion-con-autoridades-para-ir-en-apoyo\/"},"wordCount":317,"publisher":{"@id":"https:\/\/smartcherry.cl\/#organization"},"image":{"@id":"https:\/\/smartcherry.cl\/noticias\/asoex-manifiesta-preocupacion-ante-los-incendios-que-afectan-al-pais-y-anuncia-coordinacion-con-autoridades-para-ir-en-apoyo\/#primaryimage"},"thumbnailUrl":"https:\/\/smartcherry.cl\/wp-content\/uploads\/2023\/02\/WhatsApp-Image-2023-02-08-at-14.13.03.jpeg","keywords":["Asoex","incendios"],"articleSection":["Noticias"],"inLanguage":"en-US"},{"@type":"WebPage","@id":"https:\/\/smartcherry.cl\/noticias\/asoex-manifiesta-preocupacion-ante-los-incendios-que-afectan-al-pais-y-anuncia-coordinacion-con-autoridades-para-ir-en-apoyo\/","url":"https:\/\/smartcherry.cl\/noticias\/asoex-manifiesta-preocupacion-ante-los-incendios-que-afectan-al-pais-y-anuncia-coordinacion-con-autoridades-para-ir-en-apoyo\/","name":"Asoex manifiesta preocupaci\u00f3n ante los incendios que afectan al pa\u00eds y anuncia coordinaci\u00f3n con autoridades para ir en apoyo - Smartcherry","isPartOf":{"@id":"https:\/\/smartcherry.cl\/#website"},"primaryImageOfPage":{"@id":"https:\/\/smartcherry.cl\/noticias\/asoex-manifiesta-preocupacion-ante-los-incendios-que-afectan-al-pais-y-anuncia-coordinacion-con-autoridades-para-ir-en-apoyo\/#primaryimage"},"image":{"@id":"https:\/\/smartcherry.cl\/noticias\/asoex-manifiesta-preocupacion-ante-los-incendios-que-afectan-al-pais-y-anuncia-coordinacion-con-autoridades-para-ir-en-apoyo\/#primaryimage"},"thumbnailUrl":"https:\/\/smartcherry.cl\/wp-content\/uploads\/2023\/02\/WhatsApp-Image-2023-02-08-at-14.13.03.jpeg","datePublished":"2023-02-08T16:55:44+00:00","dateModified":"2023-02-08T20:50:23+00:00","breadcrumb":{"@id":"https:\/\/smartcherry.cl\/noticias\/asoex-manifiesta-preocupacion-ante-los-incendios-que-afectan-al-pais-y-anuncia-coordinacion-con-autoridades-para-ir-en-apoyo\/#breadcrumb"},"inLanguage":"en-US","potentialAction":[{"@type":"ReadAction","target":["https:\/\/smartcherry.cl\/noticias\/asoex-manifiesta-preocupacion-ante-los-incendios-que-afectan-al-pais-y-anuncia-coordinacion-con-autoridades-para-ir-en-apoyo\/"]}]},{"@type":"ImageObject","inLanguage":"en-US","@id":"https:\/\/smartcherry.cl\/noticias\/asoex-manifiesta-preocupacion-ante-los-incendios-que-afectan-al-pais-y-anuncia-coordinacion-con-autoridades-para-ir-en-apoyo\/#primaryimage","url":"https:\/\/smartcherry.cl\/wp-content\/uploads\/2023\/02\/WhatsApp-Image-2023-02-08-at-14.13.03.jpeg","contentUrl":"https:\/\/smartcherry.cl\/wp-content\/uploads\/2023\/02\/WhatsApp-Image-2023-02-08-at-14.13.03.jpeg","width":500,"height":539},{"@type":"BreadcrumbList","@id":"https:\/\/smartcherry.cl\/noticias\/asoex-manifiesta-preocupacion-ante-los-incendios-que-afectan-al-pais-y-anuncia-coordinacion-con-autoridades-para-ir-en-apoyo\/#breadcrumb","itemListElement":[{"@type":"ListItem","position":1,"name":"Home","item":"https:\/\/smartcherry.cl\/"},{"@type":"ListItem","position":2,"name":"Noticias","item":"https:\/\/smartcherry.cl\/category\/noticias\/"},{"@type":"ListItem","position":3,"name":"Asoex manifiesta preocupaci\u00f3n ante los incendios que afectan al pa\u00eds y anuncia coordinaci\u00f3n con autoridades para ir en apoyo"}]},{"@type":"WebSite","@id":"https:\/\/smartcherry.cl\/#website","url":"https:\/\/smartcherry.cl\/","name":"Smartcherry","description":"Smartcherry Site","publisher":{"@id":"https:\/\/smartcherry.cl\/#organization"},"potentialAction":[{"@type":"SearchAction","target":{"@type":"EntryPoint","urlTemplate":"https:\/\/smartcherry.cl\/?s={search_term_string}"},"query-input":{"@type":"PropertyValueSpecification","valueRequired":true,"valueName":"search_term_string"}}],"inLanguage":"en-US"},{"@type":"Organization","@id":"https:\/\/smartcherry.cl\/#organization","name":"SmartCherry","url":"https:\/\/smartcherry.cl\/","logo":{"@type":"ImageObject","inLanguage":"en-US","@id":"https:\/\/smartcherry.cl\/#\/schema\/logo\/image\/","url":"https:\/\/smartcherry.cl\/wp-content\/uploads\/2022\/02\/logo_smartcherry.png","contentUrl":"https:\/\/smartcherry.cl\/wp-content\/uploads\/2022\/02\/logo_smartcherry.png","width":411,"height":84,"caption":"SmartCherry"},"image":{"@id":"https:\/\/smartcherry.cl\/#\/schema\/logo\/image\/"},"sameAs":["https:\/\/web.facebook.com\/SmartCherry.cl\/","https:\/\/x.com\/SmartCherry_cl","https:\/\/www.linkedin.com\/company\/smartcherry\/","https:\/\/www.instagram.com\/smartcherry_cl\/","https:\/\/www.youtube.com\/channel\/UCe007LfgFFnntDgCcqICbPQ"]},{"@type":"Person","@id":"https:\/\/smartcherry.cl\/#\/schema\/person\/cc5ad3fbb76cc15ccfacf38ce0684864","name":"Smartcherry","image":{"@type":"ImageObject","inLanguage":"en-US","@id":"https:\/\/smartcherry.cl\/wp-content\/uploads\/2022\/03\/smartcherry-admin-user-96x96.png","url":"https:\/\/smartcherry.cl\/wp-content\/uploads\/2022\/03\/smartcherry-admin-user-96x96.png","contentUrl":"https:\/\/smartcherry.cl\/wp-content\/uploads\/2022\/03\/smartcherry-admin-user-96x96.png","caption":"Smartcherry"},"url":"https:\/\/smartcherry.cl\/en\/author\/smartcherry\/"}]}},"_links":{"self":[{"href":"https:\/\/smartcherry.cl\/en\/wp-json\/wp\/v2\/posts\/20321","targetHints":{"allow":["GET"]}}],"collection":[{"href":"https:\/\/smartcherry.cl\/en\/wp-json\/wp\/v2\/posts"}],"about":[{"href":"https:\/\/smartcherry.cl\/en\/wp-json\/wp\/v2\/types\/post"}],"author":[{"embeddable":true,"href":"https:\/\/smartcherry.cl\/en\/wp-json\/wp\/v2\/users\/224"}],"replies":[{"embeddable":true,"href":"https:\/\/smartcherry.cl\/en\/wp-json\/wp\/v2\/comments?post=20321"}],"version-history":[{"count":0,"href":"https:\/\/smartcherry.cl\/en\/wp-json\/wp\/v2\/posts\/20321\/revisions"}],"wp:featuredmedia":[{"embeddable":true,"href":"https:\/\/smartcherry.cl\/en\/wp-json\/wp\/v2\/media\/20335"}],"wp:attachment":[{"href":"https:\/\/smartcherry.cl\/en\/wp-json\/wp\/v2\/media?parent=20321"}],"wp:term":[{"taxonomy":"category","embeddable":true,"href":"https:\/\/smartcherry.cl\/en\/wp-json\/wp\/v2\/categories?post=20321"},{"taxonomy":"post_tag","embeddable":true,"href":"https:\/\/smartcherry.cl\/en\/wp-json\/wp\/v2\/tags?post=20321"},{"taxonomy":"category_proveedor","embeddable":true,"href":"https:\/\/smartcherry.cl\/en\/wp-json\/wp\/v2\/category_proveedor?post=20321"},{"taxonomy":"pais","embeddable":true,"href":"https:\/\/smartcherry.cl\/en\/wp-json\/wp\/v2\/pais?post=20321"}],"curies":[{"name":"wp","href":"https:\/\/api.w.org\/{rel}","templated":true}]}}