{"id":20039,"date":"2023-01-30T10:42:43","date_gmt":"2023-01-30T13:42:43","guid":{"rendered":"https:\/\/smartcherry.cl\/?p=20039"},"modified":"2023-01-30T10:42:48","modified_gmt":"2023-01-30T13:42:48","slug":"presidente-de-fedefruta-y-ano-nuevo-chino-es-un-buen-momento-para-la-cereza-chilena","status":"publish","type":"post","link":"https:\/\/smartcherry.cl\/en\/noticias\/presidente-de-fedefruta-y-ano-nuevo-chino-es-un-buen-momento-para-la-cereza-chilena\/","title":{"rendered":"Fedefruta President and Chinese New Year: \u201cIt is a good time for Chilean cherries\u201d"},"content":{"rendered":"<p><strong><em>Por: Fedefruta<\/em><\/strong><\/p>\n\n\n\n<p><em>\u201cDespu\u00e9s de dos a\u00f1os muy malos por el tema log\u00edstico que nos ha complicado, como bien todos saben, el balance es muy positivo\u201d,<\/em>\u00a0<a href=\"https:\/\/tv.emol.com\/detail\/20230119111719319\/en-vivo-presidente-de-fedefruta-analiza-la-contingencia-agricola\" target=\"_blank\" rel=\"noreferrer noopener\">coment\u00f3 el presidente de Fedefruta Jorge Valenzuela, a EmolTV, sobre el env\u00edo de cerezas chilenas a China<\/a>, en semanas cuando se ha visto una normalizaci\u00f3n del flujo log\u00edstico para las exportaciones. <em>\u201cLo importante para nosotros, desde el punto de vista de los productores, es que haya fruta, es que haya flujo, y que la carga se pueda mover, se pueda vender\u201d,<\/em> indic\u00f3.<\/p>\n\n\n\n<p>Algunos comentarios del dirigente gremial al respecto, fueron los siguientes.<\/p>\n\n\n\n<h2 class=\"wp-block-heading\"><strong>Balance de Fedefruta al env\u00edo de cerezas:<\/strong><\/h2>\n\n\n\n<p><em>\u00abCon la llegada, con la calidad, con la distribuci\u00f3n, hoy en d\u00eda tengo que decir que el balance es muy positivo. Hemos enviado un gran n\u00famero de cerezas que han llegado en tiempo y forma, y luego que China bajara las restricciones de Covid, se ha logrado ir con la fruta hacia el interior, as\u00ed que estamos muy contentos y muy expectantes de c\u00f3mo va a terminar esta temporada\u00bb.\u00a0<\/em><\/p>\n\n\n\n<p>Jorge Valenzuela agreg\u00f3 ademas que: <em>\u00abEste es un a\u00f1o r\u00e9cord para la exportaci\u00f3n de cerezas. Estimados que vamos a llegar a las 82, 83 millones de cajas. Hay otro volumen que est\u00e1 en camino a China, que se comercializar\u00e1 despu\u00e9s del A\u00f1o Nuevo Chino. En un r\u00e9cord para nosotros, nos ten\u00eda la verdad bastante esperanzados y expectantes\u00bb.\u00a0<\/em><\/p>\n\n\n\n<p>Respecto de los env\u00edos de cerezas, Valenzuela destac\u00f3 la gran cantidad enviada durante la presente temporada. <\/p>\n\n\n\n<p><em>\u00abHay mucho optimismo, nunca hab\u00edamos mandado tanta cereza, y la verdad es que tambi\u00e9n estamos expectantes sobre c\u00f3mo se va a comportar el mercado. Nosotros siempre abastec\u00edamos a las grandes ciudades que est\u00e1n en la costa, y hoy d\u00eda hemos visto que se ha movido much\u00edsima cereza hacia el interior. Eso nos tiene muy contentos porque m\u00e1s chinos est\u00e1n consumiendo y conociendo la cereza\u00bb.<\/em><\/p>\n\n\n\n<h2 class=\"wp-block-heading\"><strong>Diferencia con las dos temporadas anteriores en pandemia:\u00a0<\/strong><\/h2>\n\n\n\n<p>Tambi\u00e9n en conversaci\u00f3n con EmolTV, Jorge Valenzuela, Presidente de Fedefruta, se refiri\u00f3 a las diferencias entre las \u00faltimas temporadas, destacando que: <em>\u00abLo importante para nosotros, desde el punto de vista de los productores, es que haya fruta, es que haya flujo, y que la carga se pueda mover, se pueda vender. Eso es lo m\u00e1s relevante para nosotros, que llev\u00e1bamos dos a\u00f1os en que la cereza llegaba a los puertos, pero quedaba ah\u00ed detenida una, dos semanas, con el deterioro que aquello produce en un producto fresco como lo es la fruta, y despu\u00e9s no ten\u00eda precio, despu\u00e9s no ten\u00eda valor. Eso es lo que nos ten\u00eda s\u00faper complicados. Muchas veces lo dijimos, pero eso ahora no est\u00e1 pasando. Lo que est\u00e1 pasando es que la fruta se est\u00e1 moviendo. La cereza ha sido todo un \u00e9xito, hasta el momento\u00bb<\/em>.<\/p>\n\n\n\n<h2 class=\"wp-block-heading\"><strong>Situaci\u00f3n log\u00edstica<\/strong>:<\/h2>\n\n\n\n<p>Los \u00faltimos dos a\u00f1os estuvieron marcados por los problemas log\u00edsticos, lo que gener\u00f3 una serie de retrasos en los traslados de la fruta, el desaduanaje, la calidad de \u00e9sta y por cierto en los precios. Al respecto, el Presidente de Fedefruta indic\u00f3 que:<em> \u00abEl tema log\u00edstico externo e interno se est\u00e1 resolviendo, en lo interno despu\u00e9s de haber trabajado con las autoridades y los puertos. En este minuto no se ha visto ninguna traba y hemos logrado embarcar todo. En el caso de las cerezas, existen los cherry express que van directo a China y se demoran 23 d\u00edas. Tuvimos m\u00e1s barcos, y en lo externo coincidi\u00f3 el env\u00edo con la apertura de China, lo que hizo que fluyera todo de una manera normal, prepandemia\u00bb.\u00a0<\/em><\/p>\n\n\n\n<p>A ello a\u00f1adi\u00f3 lo avanzada que est\u00e1 la campa\u00f1a, asegurando que:<em>\u00abDir\u00eda que el 80% de la cereza ya est\u00e1 en China, falta la parte tard\u00eda de la cosecha nuestra, que tambi\u00e9n creemos tendr\u00e1 una buena temporada, dado que como se ha consumido toda la cereza arribada y adem\u00e1s hay flujo, esta fruta va a llegar a un mercado que no tiene oferta. Es un buen momento para la cereza. Lo \u00fanico malo es que los precios de los fletes durante diciembre estuvieron al doble de lo normal. Hoy han bajado, y esperamos que ese tema de la baja del costo de los fletes, se vea reflejado en un mayor beneficio para los productores\u00bb, <\/em>concluyeron desde Fedefruta. <\/p>","protected":false},"excerpt":{"rendered":"<p>Por: Fedefruta \u201cDespu\u00e9s de dos a\u00f1os muy malos por el tema log\u00edstico que nos ha complicado, como bien todos saben, el balance es muy positivo\u201d,\u00a0coment\u00f3 el presidente de Fedefruta Jorge [&hellip;]<\/p>\n","protected":false},"author":224,"featured_media":20040,"comment_status":"closed","ping_status":"open","sticky":false,"template":"","format":"standard","meta":{"_acf_changed":false,"inline_featured_image":false,"footnotes":""},"categories":[35],"tags":[],"category_proveedor":[],"pais":[],"class_list":["post-20039","post","type-post","status-publish","format-standard","has-post-thumbnail","hentry","category-noticias"],"acf":[],"yoast_head":"<!-- This site is optimized with the Yoast SEO Premium plugin v21.3 (Yoast SEO v27.3) - https:\/\/yoast.com\/product\/yoast-seo-premium-wordpress\/ -->\n<title>Presidente de Fedefruta y A\u00f1o Nuevo Chino: \u201cEs un buen momento para la cereza chilena\u201d - Smartcherry<\/title>\n<meta name=\"robots\" content=\"index, follow, max-snippet:-1, max-image-preview:large, max-video-preview:-1\" \/>\n<link rel=\"canonical\" href=\"https:\/\/smartcherry.cl\/en\/noticias\/presidente-de-fedefruta-y-ano-nuevo-chino-es-un-buen-momento-para-la-cereza-chilena\/\" \/>\n<meta property=\"og:locale\" content=\"en_US\" \/>\n<meta property=\"og:type\" content=\"article\" \/>\n<meta property=\"og:title\" content=\"Presidente de Fedefruta y A\u00f1o Nuevo Chino: \u201cEs un buen momento para la cereza chilena\u201d\" \/>\n<meta property=\"og:description\" content=\"Por: Fedefruta \u201cDespu\u00e9s de dos a\u00f1os muy malos por el tema log\u00edstico que nos ha complicado, como bien todos saben, el balance es muy positivo\u201d,\u00a0coment\u00f3 el presidente de Fedefruta Jorge [&hellip;]\" \/>\n<meta property=\"og:url\" content=\"https:\/\/smartcherry.cl\/en\/noticias\/presidente-de-fedefruta-y-ano-nuevo-chino-es-un-buen-momento-para-la-cereza-chilena\/\" \/>\n<meta property=\"og:site_name\" content=\"Smartcherry\" \/>\n<meta property=\"article:publisher\" content=\"https:\/\/web.facebook.com\/SmartCherry.cl\/\" \/>\n<meta property=\"article:published_time\" content=\"2023-01-30T13:42:43+00:00\" \/>\n<meta property=\"article:modified_time\" content=\"2023-01-30T13:42:48+00:00\" \/>\n<meta property=\"og:image\" content=\"https:\/\/smartcherry.cl\/wp-content\/uploads\/2023\/01\/1668696980735.jpeg\" \/>\n\t<meta property=\"og:image:width\" content=\"2048\" \/>\n\t<meta property=\"og:image:height\" content=\"1153\" \/>\n\t<meta property=\"og:image:type\" content=\"image\/jpeg\" \/>\n<meta name=\"author\" content=\"Smartcherry\" \/>\n<meta name=\"twitter:card\" content=\"summary_large_image\" \/>\n<meta name=\"twitter:creator\" content=\"@SmartCherry_cl\" \/>\n<meta name=\"twitter:site\" content=\"@SmartCherry_cl\" \/>\n<meta name=\"twitter:label1\" content=\"Written by\" \/>\n\t<meta name=\"twitter:data1\" content=\"Smartcherry\" \/>\n\t<meta name=\"twitter:label2\" content=\"Est. reading time\" \/>\n\t<meta name=\"twitter:data2\" content=\"4 minutes\" \/>\n<script type=\"application\/ld+json\" class=\"yoast-schema-graph\">{\"@context\":\"https:\\\/\\\/schema.org\",\"@graph\":[{\"@type\":\"Article\",\"@id\":\"https:\\\/\\\/smartcherry.cl\\\/noticias\\\/presidente-de-fedefruta-y-ano-nuevo-chino-es-un-buen-momento-para-la-cereza-chilena\\\/#article\",\"isPartOf\":{\"@id\":\"https:\\\/\\\/smartcherry.cl\\\/noticias\\\/presidente-de-fedefruta-y-ano-nuevo-chino-es-un-buen-momento-para-la-cereza-chilena\\\/\"},\"author\":{\"name\":\"Smartcherry\",\"@id\":\"https:\\\/\\\/smartcherry.cl\\\/#\\\/schema\\\/person\\\/cc5ad3fbb76cc15ccfacf38ce0684864\"},\"headline\":\"Presidente de Fedefruta y A\u00f1o Nuevo Chino: \u201cEs un buen momento para la cereza chilena\u201d\",\"datePublished\":\"2023-01-30T13:42:43+00:00\",\"dateModified\":\"2023-01-30T13:42:48+00:00\",\"mainEntityOfPage\":{\"@id\":\"https:\\\/\\\/smartcherry.cl\\\/noticias\\\/presidente-de-fedefruta-y-ano-nuevo-chino-es-un-buen-momento-para-la-cereza-chilena\\\/\"},\"wordCount\":768,\"publisher\":{\"@id\":\"https:\\\/\\\/smartcherry.cl\\\/#organization\"},\"image\":{\"@id\":\"https:\\\/\\\/smartcherry.cl\\\/noticias\\\/presidente-de-fedefruta-y-ano-nuevo-chino-es-un-buen-momento-para-la-cereza-chilena\\\/#primaryimage\"},\"thumbnailUrl\":\"https:\\\/\\\/smartcherry.cl\\\/wp-content\\\/uploads\\\/2023\\\/01\\\/1668696980735.jpeg\",\"articleSection\":[\"Noticias\"],\"inLanguage\":\"en-US\"},{\"@type\":\"WebPage\",\"@id\":\"https:\\\/\\\/smartcherry.cl\\\/noticias\\\/presidente-de-fedefruta-y-ano-nuevo-chino-es-un-buen-momento-para-la-cereza-chilena\\\/\",\"url\":\"https:\\\/\\\/smartcherry.cl\\\/noticias\\\/presidente-de-fedefruta-y-ano-nuevo-chino-es-un-buen-momento-para-la-cereza-chilena\\\/\",\"name\":\"Presidente de Fedefruta y A\u00f1o Nuevo Chino: \u201cEs un buen momento para la cereza chilena\u201d - Smartcherry\",\"isPartOf\":{\"@id\":\"https:\\\/\\\/smartcherry.cl\\\/#website\"},\"primaryImageOfPage\":{\"@id\":\"https:\\\/\\\/smartcherry.cl\\\/noticias\\\/presidente-de-fedefruta-y-ano-nuevo-chino-es-un-buen-momento-para-la-cereza-chilena\\\/#primaryimage\"},\"image\":{\"@id\":\"https:\\\/\\\/smartcherry.cl\\\/noticias\\\/presidente-de-fedefruta-y-ano-nuevo-chino-es-un-buen-momento-para-la-cereza-chilena\\\/#primaryimage\"},\"thumbnailUrl\":\"https:\\\/\\\/smartcherry.cl\\\/wp-content\\\/uploads\\\/2023\\\/01\\\/1668696980735.jpeg\",\"datePublished\":\"2023-01-30T13:42:43+00:00\",\"dateModified\":\"2023-01-30T13:42:48+00:00\",\"breadcrumb\":{\"@id\":\"https:\\\/\\\/smartcherry.cl\\\/noticias\\\/presidente-de-fedefruta-y-ano-nuevo-chino-es-un-buen-momento-para-la-cereza-chilena\\\/#breadcrumb\"},\"inLanguage\":\"en-US\",\"potentialAction\":[{\"@type\":\"ReadAction\",\"target\":[\"https:\\\/\\\/smartcherry.cl\\\/noticias\\\/presidente-de-fedefruta-y-ano-nuevo-chino-es-un-buen-momento-para-la-cereza-chilena\\\/\"]}]},{\"@type\":\"ImageObject\",\"inLanguage\":\"en-US\",\"@id\":\"https:\\\/\\\/smartcherry.cl\\\/noticias\\\/presidente-de-fedefruta-y-ano-nuevo-chino-es-un-buen-momento-para-la-cereza-chilena\\\/#primaryimage\",\"url\":\"https:\\\/\\\/smartcherry.cl\\\/wp-content\\\/uploads\\\/2023\\\/01\\\/1668696980735.jpeg\",\"contentUrl\":\"https:\\\/\\\/smartcherry.cl\\\/wp-content\\\/uploads\\\/2023\\\/01\\\/1668696980735.jpeg\",\"width\":1920,\"height\":1081},{\"@type\":\"BreadcrumbList\",\"@id\":\"https:\\\/\\\/smartcherry.cl\\\/noticias\\\/presidente-de-fedefruta-y-ano-nuevo-chino-es-un-buen-momento-para-la-cereza-chilena\\\/#breadcrumb\",\"itemListElement\":[{\"@type\":\"ListItem\",\"position\":1,\"name\":\"Home\",\"item\":\"https:\\\/\\\/smartcherry.cl\\\/\"},{\"@type\":\"ListItem\",\"position\":2,\"name\":\"Noticias\",\"item\":\"https:\\\/\\\/smartcherry.cl\\\/category\\\/noticias\\\/\"},{\"@type\":\"ListItem\",\"position\":3,\"name\":\"Presidente de Fedefruta y A\u00f1o Nuevo Chino: \u201cEs un buen momento para la cereza chilena\u201d\"}]},{\"@type\":\"WebSite\",\"@id\":\"https:\\\/\\\/smartcherry.cl\\\/#website\",\"url\":\"https:\\\/\\\/smartcherry.cl\\\/\",\"name\":\"Smartcherry\",\"description\":\"Sitio de Smartcherry\",\"publisher\":{\"@id\":\"https:\\\/\\\/smartcherry.cl\\\/#organization\"},\"potentialAction\":[{\"@type\":\"SearchAction\",\"target\":{\"@type\":\"EntryPoint\",\"urlTemplate\":\"https:\\\/\\\/smartcherry.cl\\\/?s={search_term_string}\"},\"query-input\":{\"@type\":\"PropertyValueSpecification\",\"valueRequired\":true,\"valueName\":\"search_term_string\"}}],\"inLanguage\":\"en-US\"},{\"@type\":\"Organization\",\"@id\":\"https:\\\/\\\/smartcherry.cl\\\/#organization\",\"name\":\"SmartCherry\",\"url\":\"https:\\\/\\\/smartcherry.cl\\\/\",\"logo\":{\"@type\":\"ImageObject\",\"inLanguage\":\"en-US\",\"@id\":\"https:\\\/\\\/smartcherry.cl\\\/#\\\/schema\\\/logo\\\/image\\\/\",\"url\":\"https:\\\/\\\/smartcherry.cl\\\/wp-content\\\/uploads\\\/2022\\\/02\\\/logo_smartcherry.png\",\"contentUrl\":\"https:\\\/\\\/smartcherry.cl\\\/wp-content\\\/uploads\\\/2022\\\/02\\\/logo_smartcherry.png\",\"width\":411,\"height\":84,\"caption\":\"SmartCherry\"},\"image\":{\"@id\":\"https:\\\/\\\/smartcherry.cl\\\/#\\\/schema\\\/logo\\\/image\\\/\"},\"sameAs\":[\"https:\\\/\\\/web.facebook.com\\\/SmartCherry.cl\\\/\",\"https:\\\/\\\/x.com\\\/SmartCherry_cl\",\"https:\\\/\\\/www.linkedin.com\\\/company\\\/smartcherry\\\/\",\"https:\\\/\\\/www.instagram.com\\\/smartcherry_cl\\\/\",\"https:\\\/\\\/www.youtube.com\\\/channel\\\/UCe007LfgFFnntDgCcqICbPQ\"]},{\"@type\":\"Person\",\"@id\":\"https:\\\/\\\/smartcherry.cl\\\/#\\\/schema\\\/person\\\/cc5ad3fbb76cc15ccfacf38ce0684864\",\"name\":\"Smartcherry\",\"image\":{\"@type\":\"ImageObject\",\"inLanguage\":\"en-US\",\"@id\":\"https:\\\/\\\/smartcherry.cl\\\/wp-content\\\/uploads\\\/2022\\\/03\\\/smartcherry-admin-user-96x96.png\",\"url\":\"https:\\\/\\\/smartcherry.cl\\\/wp-content\\\/uploads\\\/2022\\\/03\\\/smartcherry-admin-user-96x96.png\",\"contentUrl\":\"https:\\\/\\\/smartcherry.cl\\\/wp-content\\\/uploads\\\/2022\\\/03\\\/smartcherry-admin-user-96x96.png\",\"caption\":\"Smartcherry\"},\"url\":\"https:\\\/\\\/smartcherry.cl\\\/en\\\/author\\\/smartcherry\\\/\"}]}<\/script>\n<!-- \/ Yoast SEO Premium plugin. -->","yoast_head_json":{"title":"Presidente de Fedefruta y A\u00f1o Nuevo Chino: \u201cEs un buen momento para la cereza chilena\u201d - Smartcherry","robots":{"index":"index","follow":"follow","max-snippet":"max-snippet:-1","max-image-preview":"max-image-preview:large","max-video-preview":"max-video-preview:-1"},"canonical":"https:\/\/smartcherry.cl\/en\/noticias\/presidente-de-fedefruta-y-ano-nuevo-chino-es-un-buen-momento-para-la-cereza-chilena\/","og_locale":"en_US","og_type":"article","og_title":"Presidente de Fedefruta y A\u00f1o Nuevo Chino: \u201cEs un buen momento para la cereza chilena\u201d","og_description":"Por: Fedefruta \u201cDespu\u00e9s de dos a\u00f1os muy malos por el tema log\u00edstico que nos ha complicado, como bien todos saben, el balance es muy positivo\u201d,\u00a0coment\u00f3 el presidente de Fedefruta Jorge [&hellip;]","og_url":"https:\/\/smartcherry.cl\/en\/noticias\/presidente-de-fedefruta-y-ano-nuevo-chino-es-un-buen-momento-para-la-cereza-chilena\/","og_site_name":"Smartcherry","article_publisher":"https:\/\/web.facebook.com\/SmartCherry.cl\/","article_published_time":"2023-01-30T13:42:43+00:00","article_modified_time":"2023-01-30T13:42:48+00:00","og_image":[{"width":2048,"height":1153,"url":"https:\/\/smartcherry.cl\/wp-content\/uploads\/2023\/01\/1668696980735.jpeg","type":"image\/jpeg"}],"author":"Smartcherry","twitter_card":"summary_large_image","twitter_creator":"@SmartCherry_cl","twitter_site":"@SmartCherry_cl","twitter_misc":{"Written by":"Smartcherry","Est. reading time":"4 minutes"},"schema":{"@context":"https:\/\/schema.org","@graph":[{"@type":"Article","@id":"https:\/\/smartcherry.cl\/noticias\/presidente-de-fedefruta-y-ano-nuevo-chino-es-un-buen-momento-para-la-cereza-chilena\/#article","isPartOf":{"@id":"https:\/\/smartcherry.cl\/noticias\/presidente-de-fedefruta-y-ano-nuevo-chino-es-un-buen-momento-para-la-cereza-chilena\/"},"author":{"name":"Smartcherry","@id":"https:\/\/smartcherry.cl\/#\/schema\/person\/cc5ad3fbb76cc15ccfacf38ce0684864"},"headline":"Presidente de Fedefruta y A\u00f1o Nuevo Chino: \u201cEs un buen momento para la cereza chilena\u201d","datePublished":"2023-01-30T13:42:43+00:00","dateModified":"2023-01-30T13:42:48+00:00","mainEntityOfPage":{"@id":"https:\/\/smartcherry.cl\/noticias\/presidente-de-fedefruta-y-ano-nuevo-chino-es-un-buen-momento-para-la-cereza-chilena\/"},"wordCount":768,"publisher":{"@id":"https:\/\/smartcherry.cl\/#organization"},"image":{"@id":"https:\/\/smartcherry.cl\/noticias\/presidente-de-fedefruta-y-ano-nuevo-chino-es-un-buen-momento-para-la-cereza-chilena\/#primaryimage"},"thumbnailUrl":"https:\/\/smartcherry.cl\/wp-content\/uploads\/2023\/01\/1668696980735.jpeg","articleSection":["Noticias"],"inLanguage":"en-US"},{"@type":"WebPage","@id":"https:\/\/smartcherry.cl\/noticias\/presidente-de-fedefruta-y-ano-nuevo-chino-es-un-buen-momento-para-la-cereza-chilena\/","url":"https:\/\/smartcherry.cl\/noticias\/presidente-de-fedefruta-y-ano-nuevo-chino-es-un-buen-momento-para-la-cereza-chilena\/","name":"Presidente de Fedefruta y A\u00f1o Nuevo Chino: \u201cEs un buen momento para la cereza chilena\u201d - Smartcherry","isPartOf":{"@id":"https:\/\/smartcherry.cl\/#website"},"primaryImageOfPage":{"@id":"https:\/\/smartcherry.cl\/noticias\/presidente-de-fedefruta-y-ano-nuevo-chino-es-un-buen-momento-para-la-cereza-chilena\/#primaryimage"},"image":{"@id":"https:\/\/smartcherry.cl\/noticias\/presidente-de-fedefruta-y-ano-nuevo-chino-es-un-buen-momento-para-la-cereza-chilena\/#primaryimage"},"thumbnailUrl":"https:\/\/smartcherry.cl\/wp-content\/uploads\/2023\/01\/1668696980735.jpeg","datePublished":"2023-01-30T13:42:43+00:00","dateModified":"2023-01-30T13:42:48+00:00","breadcrumb":{"@id":"https:\/\/smartcherry.cl\/noticias\/presidente-de-fedefruta-y-ano-nuevo-chino-es-un-buen-momento-para-la-cereza-chilena\/#breadcrumb"},"inLanguage":"en-US","potentialAction":[{"@type":"ReadAction","target":["https:\/\/smartcherry.cl\/noticias\/presidente-de-fedefruta-y-ano-nuevo-chino-es-un-buen-momento-para-la-cereza-chilena\/"]}]},{"@type":"ImageObject","inLanguage":"en-US","@id":"https:\/\/smartcherry.cl\/noticias\/presidente-de-fedefruta-y-ano-nuevo-chino-es-un-buen-momento-para-la-cereza-chilena\/#primaryimage","url":"https:\/\/smartcherry.cl\/wp-content\/uploads\/2023\/01\/1668696980735.jpeg","contentUrl":"https:\/\/smartcherry.cl\/wp-content\/uploads\/2023\/01\/1668696980735.jpeg","width":1920,"height":1081},{"@type":"BreadcrumbList","@id":"https:\/\/smartcherry.cl\/noticias\/presidente-de-fedefruta-y-ano-nuevo-chino-es-un-buen-momento-para-la-cereza-chilena\/#breadcrumb","itemListElement":[{"@type":"ListItem","position":1,"name":"Home","item":"https:\/\/smartcherry.cl\/"},{"@type":"ListItem","position":2,"name":"Noticias","item":"https:\/\/smartcherry.cl\/category\/noticias\/"},{"@type":"ListItem","position":3,"name":"Presidente de Fedefruta y A\u00f1o Nuevo Chino: \u201cEs un buen momento para la cereza chilena\u201d"}]},{"@type":"WebSite","@id":"https:\/\/smartcherry.cl\/#website","url":"https:\/\/smartcherry.cl\/","name":"Smartcherry","description":"Smartcherry Site","publisher":{"@id":"https:\/\/smartcherry.cl\/#organization"},"potentialAction":[{"@type":"SearchAction","target":{"@type":"EntryPoint","urlTemplate":"https:\/\/smartcherry.cl\/?s={search_term_string}"},"query-input":{"@type":"PropertyValueSpecification","valueRequired":true,"valueName":"search_term_string"}}],"inLanguage":"en-US"},{"@type":"Organization","@id":"https:\/\/smartcherry.cl\/#organization","name":"SmartCherry","url":"https:\/\/smartcherry.cl\/","logo":{"@type":"ImageObject","inLanguage":"en-US","@id":"https:\/\/smartcherry.cl\/#\/schema\/logo\/image\/","url":"https:\/\/smartcherry.cl\/wp-content\/uploads\/2022\/02\/logo_smartcherry.png","contentUrl":"https:\/\/smartcherry.cl\/wp-content\/uploads\/2022\/02\/logo_smartcherry.png","width":411,"height":84,"caption":"SmartCherry"},"image":{"@id":"https:\/\/smartcherry.cl\/#\/schema\/logo\/image\/"},"sameAs":["https:\/\/web.facebook.com\/SmartCherry.cl\/","https:\/\/x.com\/SmartCherry_cl","https:\/\/www.linkedin.com\/company\/smartcherry\/","https:\/\/www.instagram.com\/smartcherry_cl\/","https:\/\/www.youtube.com\/channel\/UCe007LfgFFnntDgCcqICbPQ"]},{"@type":"Person","@id":"https:\/\/smartcherry.cl\/#\/schema\/person\/cc5ad3fbb76cc15ccfacf38ce0684864","name":"Smartcherry","image":{"@type":"ImageObject","inLanguage":"en-US","@id":"https:\/\/smartcherry.cl\/wp-content\/uploads\/2022\/03\/smartcherry-admin-user-96x96.png","url":"https:\/\/smartcherry.cl\/wp-content\/uploads\/2022\/03\/smartcherry-admin-user-96x96.png","contentUrl":"https:\/\/smartcherry.cl\/wp-content\/uploads\/2022\/03\/smartcherry-admin-user-96x96.png","caption":"Smartcherry"},"url":"https:\/\/smartcherry.cl\/en\/author\/smartcherry\/"}]}},"_links":{"self":[{"href":"https:\/\/smartcherry.cl\/en\/wp-json\/wp\/v2\/posts\/20039","targetHints":{"allow":["GET"]}}],"collection":[{"href":"https:\/\/smartcherry.cl\/en\/wp-json\/wp\/v2\/posts"}],"about":[{"href":"https:\/\/smartcherry.cl\/en\/wp-json\/wp\/v2\/types\/post"}],"author":[{"embeddable":true,"href":"https:\/\/smartcherry.cl\/en\/wp-json\/wp\/v2\/users\/224"}],"replies":[{"embeddable":true,"href":"https:\/\/smartcherry.cl\/en\/wp-json\/wp\/v2\/comments?post=20039"}],"version-history":[{"count":0,"href":"https:\/\/smartcherry.cl\/en\/wp-json\/wp\/v2\/posts\/20039\/revisions"}],"wp:featuredmedia":[{"embeddable":true,"href":"https:\/\/smartcherry.cl\/en\/wp-json\/wp\/v2\/media\/20040"}],"wp:attachment":[{"href":"https:\/\/smartcherry.cl\/en\/wp-json\/wp\/v2\/media?parent=20039"}],"wp:term":[{"taxonomy":"category","embeddable":true,"href":"https:\/\/smartcherry.cl\/en\/wp-json\/wp\/v2\/categories?post=20039"},{"taxonomy":"post_tag","embeddable":true,"href":"https:\/\/smartcherry.cl\/en\/wp-json\/wp\/v2\/tags?post=20039"},{"taxonomy":"category_proveedor","embeddable":true,"href":"https:\/\/smartcherry.cl\/en\/wp-json\/wp\/v2\/category_proveedor?post=20039"},{"taxonomy":"pais","embeddable":true,"href":"https:\/\/smartcherry.cl\/en\/wp-json\/wp\/v2\/pais?post=20039"}],"curies":[{"name":"wp","href":"https:\/\/api.w.org\/{rel}","templated":true}]}}