{"id":16648,"date":"2022-10-06T14:16:34","date_gmt":"2022-10-06T17:16:34","guid":{"rendered":"https:\/\/smartcherry.cl\/?post_type=videos&#038;p=16648"},"modified":"2024-09-12T11:18:07","modified_gmt":"2024-09-12T15:18:07","slug":"asi-se-vivio-la-segunda-version-de-la-expocereza-2022-en-romeral","status":"publish","type":"post","link":"https:\/\/smartcherry.cl\/en\/noticias\/asi-se-vivio-la-segunda-version-de-la-expocereza-2022-en-romeral\/","title":{"rendered":"As\u00ed se vivi\u00f3 la segunda versi\u00f3n de la ExpoCereza 2022 en Romeral"},"content":{"rendered":"<p>Revisa esta completa nota audiovisual sobre el evento organizado por la Municipalidad de Romeral que cont\u00f3 con importantes expositores, entre ellos, Carlos Tapia, Asesor especialista en producci\u00f3n de cerezos, Director de Avium y Cofundador de Smartcherry.<\/p>\n\n\n\n<figure class=\"wp-block-embed is-type-video is-provider-youtube wp-block-embed-youtube wp-embed-aspect-16-9 wp-has-aspect-ratio\"><div class=\"wp-block-embed__wrapper\">\n<iframe title=\"As\u00ed se vivi\u00f3 la segunda edici\u00f3n de la ExpoCereza 2022 en Romeral\" width=\"800\" height=\"450\" src=\"https:\/\/www.youtube.com\/embed\/QEXlL0Yldgc?feature=oembed\" frameborder=\"0\" allow=\"accelerometer; autoplay; clipboard-write; encrypted-media; gyroscope; picture-in-picture\" allowfullscreen><\/iframe>\n<\/div><\/figure>","protected":false},"excerpt":{"rendered":"<p>Revisa esta completa nota audiovisual sobre el evento organizado por la Municipalidad de Romeral que cont\u00f3 con importantes expositores, entre ellos, Carlos Tapia, Asesor especialista en producci\u00f3n de cerezos, Director [&hellip;]<\/p>\n","protected":false},"author":239,"featured_media":16536,"comment_status":"closed","ping_status":"closed","sticky":false,"template":"","format":"standard","meta":{"_acf_changed":false,"inline_featured_image":false,"footnotes":""},"categories":[3693,35],"tags":[346,2124,2125,2126],"category_proveedor":[],"pais":[],"class_list":["post-16648","post","type-post","status-publish","format-standard","has-post-thumbnail","hentry","category-videos","category-noticias","tag-romeral","tag-expocereza-2022","tag-ministro-agricultura","tag-carlos-vergara"],"acf":[],"yoast_head":"<!-- This site is optimized with the Yoast SEO Premium plugin v21.3 (Yoast SEO v27.3) - https:\/\/yoast.com\/product\/yoast-seo-premium-wordpress\/ -->\n<title>As\u00ed se vivi\u00f3 la segunda versi\u00f3n de la ExpoCereza 2022 en Romeral - Smartcherry<\/title>\n<meta name=\"robots\" content=\"index, follow, max-snippet:-1, max-image-preview:large, max-video-preview:-1\" \/>\n<link rel=\"canonical\" href=\"https:\/\/smartcherry.cl\/en\/noticias\/asi-se-vivio-la-segunda-version-de-la-expocereza-2022-en-romeral\/\" \/>\n<meta property=\"og:locale\" content=\"en_US\" \/>\n<meta property=\"og:type\" content=\"article\" \/>\n<meta property=\"og:title\" content=\"As\u00ed se vivi\u00f3 la segunda versi\u00f3n de la ExpoCereza 2022 en Romeral\" \/>\n<meta property=\"og:description\" content=\"Revisa esta completa nota audiovisual sobre el evento organizado por la Municipalidad de Romeral que cont\u00f3 con importantes expositores, entre ellos, Carlos Tapia, Asesor especialista en producci\u00f3n de cerezos, Director [&hellip;]\" \/>\n<meta property=\"og:url\" content=\"https:\/\/smartcherry.cl\/en\/noticias\/asi-se-vivio-la-segunda-version-de-la-expocereza-2022-en-romeral\/\" \/>\n<meta property=\"og:site_name\" content=\"Smartcherry\" \/>\n<meta property=\"article:publisher\" content=\"https:\/\/web.facebook.com\/SmartCherry.cl\/\" \/>\n<meta property=\"article:published_time\" content=\"2022-10-06T17:16:34+00:00\" \/>\n<meta property=\"article:modified_time\" content=\"2024-09-12T15:18:07+00:00\" \/>\n<meta property=\"og:image\" content=\"https:\/\/smartcherry.cl\/wp-content\/uploads\/2022\/10\/IMG_7943-scaled.jpg\" \/>\n\t<meta property=\"og:image:width\" content=\"1920\" \/>\n\t<meta property=\"og:image:height\" content=\"1079\" \/>\n\t<meta property=\"og:image:type\" content=\"image\/jpeg\" \/>\n<meta name=\"author\" content=\"Andrea Garrido\" \/>\n<meta name=\"twitter:card\" content=\"summary_large_image\" \/>\n<meta name=\"twitter:creator\" content=\"@SmartCherry_cl\" \/>\n<meta name=\"twitter:site\" content=\"@SmartCherry_cl\" \/>\n<meta name=\"twitter:label1\" content=\"Written by\" \/>\n\t<meta name=\"twitter:data1\" content=\"Andrea Garrido\" \/>\n\t<meta name=\"twitter:label2\" content=\"Est. reading time\" \/>\n\t<meta name=\"twitter:data2\" content=\"1 minute\" \/>\n<script type=\"application\/ld+json\" class=\"yoast-schema-graph\">{\"@context\":\"https:\\\/\\\/schema.org\",\"@graph\":[{\"@type\":\"Article\",\"@id\":\"https:\\\/\\\/smartcherry.cl\\\/noticias\\\/asi-se-vivio-la-segunda-version-de-la-expocereza-2022-en-romeral\\\/#article\",\"isPartOf\":{\"@id\":\"https:\\\/\\\/smartcherry.cl\\\/noticias\\\/asi-se-vivio-la-segunda-version-de-la-expocereza-2022-en-romeral\\\/\"},\"author\":{\"name\":\"Andrea Garrido\",\"@id\":\"https:\\\/\\\/smartcherry.cl\\\/#\\\/schema\\\/person\\\/8af97e16113dce4b990e1e4cec380025\"},\"headline\":\"As\u00ed se vivi\u00f3 la segunda versi\u00f3n de la ExpoCereza 2022 en Romeral\",\"datePublished\":\"2022-10-06T17:16:34+00:00\",\"dateModified\":\"2024-09-12T15:18:07+00:00\",\"mainEntityOfPage\":{\"@id\":\"https:\\\/\\\/smartcherry.cl\\\/noticias\\\/asi-se-vivio-la-segunda-version-de-la-expocereza-2022-en-romeral\\\/\"},\"wordCount\":57,\"publisher\":{\"@id\":\"https:\\\/\\\/smartcherry.cl\\\/#organization\"},\"image\":{\"@id\":\"https:\\\/\\\/smartcherry.cl\\\/noticias\\\/asi-se-vivio-la-segunda-version-de-la-expocereza-2022-en-romeral\\\/#primaryimage\"},\"thumbnailUrl\":\"https:\\\/\\\/smartcherry.cl\\\/wp-content\\\/uploads\\\/2022\\\/10\\\/IMG_7943-scaled.jpg\",\"keywords\":[\"Romeral\",\"ExpoCereza 2022\",\"Ministro Agricultura\",\"Carlos Vergara\"],\"articleSection\":[\"Videos\",\"Noticias\"],\"inLanguage\":\"en-US\"},{\"@type\":\"WebPage\",\"@id\":\"https:\\\/\\\/smartcherry.cl\\\/noticias\\\/asi-se-vivio-la-segunda-version-de-la-expocereza-2022-en-romeral\\\/\",\"url\":\"https:\\\/\\\/smartcherry.cl\\\/noticias\\\/asi-se-vivio-la-segunda-version-de-la-expocereza-2022-en-romeral\\\/\",\"name\":\"As\u00ed se vivi\u00f3 la segunda versi\u00f3n de la ExpoCereza 2022 en Romeral - Smartcherry\",\"isPartOf\":{\"@id\":\"https:\\\/\\\/smartcherry.cl\\\/#website\"},\"primaryImageOfPage\":{\"@id\":\"https:\\\/\\\/smartcherry.cl\\\/noticias\\\/asi-se-vivio-la-segunda-version-de-la-expocereza-2022-en-romeral\\\/#primaryimage\"},\"image\":{\"@id\":\"https:\\\/\\\/smartcherry.cl\\\/noticias\\\/asi-se-vivio-la-segunda-version-de-la-expocereza-2022-en-romeral\\\/#primaryimage\"},\"thumbnailUrl\":\"https:\\\/\\\/smartcherry.cl\\\/wp-content\\\/uploads\\\/2022\\\/10\\\/IMG_7943-scaled.jpg\",\"datePublished\":\"2022-10-06T17:16:34+00:00\",\"dateModified\":\"2024-09-12T15:18:07+00:00\",\"breadcrumb\":{\"@id\":\"https:\\\/\\\/smartcherry.cl\\\/noticias\\\/asi-se-vivio-la-segunda-version-de-la-expocereza-2022-en-romeral\\\/#breadcrumb\"},\"inLanguage\":\"en-US\",\"potentialAction\":[{\"@type\":\"ReadAction\",\"target\":[\"https:\\\/\\\/smartcherry.cl\\\/noticias\\\/asi-se-vivio-la-segunda-version-de-la-expocereza-2022-en-romeral\\\/\"]}]},{\"@type\":\"ImageObject\",\"inLanguage\":\"en-US\",\"@id\":\"https:\\\/\\\/smartcherry.cl\\\/noticias\\\/asi-se-vivio-la-segunda-version-de-la-expocereza-2022-en-romeral\\\/#primaryimage\",\"url\":\"https:\\\/\\\/smartcherry.cl\\\/wp-content\\\/uploads\\\/2022\\\/10\\\/IMG_7943-scaled.jpg\",\"contentUrl\":\"https:\\\/\\\/smartcherry.cl\\\/wp-content\\\/uploads\\\/2022\\\/10\\\/IMG_7943-scaled.jpg\",\"width\":1920,\"height\":1079},{\"@type\":\"BreadcrumbList\",\"@id\":\"https:\\\/\\\/smartcherry.cl\\\/noticias\\\/asi-se-vivio-la-segunda-version-de-la-expocereza-2022-en-romeral\\\/#breadcrumb\",\"itemListElement\":[{\"@type\":\"ListItem\",\"position\":1,\"name\":\"Home\",\"item\":\"https:\\\/\\\/smartcherry.cl\\\/\"},{\"@type\":\"ListItem\",\"position\":2,\"name\":\"Noticias\",\"item\":\"https:\\\/\\\/smartcherry.cl\\\/category\\\/noticias\\\/\"},{\"@type\":\"ListItem\",\"position\":3,\"name\":\"As\u00ed se vivi\u00f3 la segunda versi\u00f3n de la ExpoCereza 2022 en Romeral\"}]},{\"@type\":\"WebSite\",\"@id\":\"https:\\\/\\\/smartcherry.cl\\\/#website\",\"url\":\"https:\\\/\\\/smartcherry.cl\\\/\",\"name\":\"Smartcherry\",\"description\":\"Sitio de Smartcherry\",\"publisher\":{\"@id\":\"https:\\\/\\\/smartcherry.cl\\\/#organization\"},\"potentialAction\":[{\"@type\":\"SearchAction\",\"target\":{\"@type\":\"EntryPoint\",\"urlTemplate\":\"https:\\\/\\\/smartcherry.cl\\\/?s={search_term_string}\"},\"query-input\":{\"@type\":\"PropertyValueSpecification\",\"valueRequired\":true,\"valueName\":\"search_term_string\"}}],\"inLanguage\":\"en-US\"},{\"@type\":\"Organization\",\"@id\":\"https:\\\/\\\/smartcherry.cl\\\/#organization\",\"name\":\"SmartCherry\",\"url\":\"https:\\\/\\\/smartcherry.cl\\\/\",\"logo\":{\"@type\":\"ImageObject\",\"inLanguage\":\"en-US\",\"@id\":\"https:\\\/\\\/smartcherry.cl\\\/#\\\/schema\\\/logo\\\/image\\\/\",\"url\":\"https:\\\/\\\/smartcherry.cl\\\/wp-content\\\/uploads\\\/2022\\\/02\\\/logo_smartcherry.png\",\"contentUrl\":\"https:\\\/\\\/smartcherry.cl\\\/wp-content\\\/uploads\\\/2022\\\/02\\\/logo_smartcherry.png\",\"width\":411,\"height\":84,\"caption\":\"SmartCherry\"},\"image\":{\"@id\":\"https:\\\/\\\/smartcherry.cl\\\/#\\\/schema\\\/logo\\\/image\\\/\"},\"sameAs\":[\"https:\\\/\\\/web.facebook.com\\\/SmartCherry.cl\\\/\",\"https:\\\/\\\/x.com\\\/SmartCherry_cl\",\"https:\\\/\\\/www.linkedin.com\\\/company\\\/smartcherry\\\/\",\"https:\\\/\\\/www.instagram.com\\\/smartcherry_cl\\\/\",\"https:\\\/\\\/www.youtube.com\\\/channel\\\/UCe007LfgFFnntDgCcqICbPQ\"]},{\"@type\":\"Person\",\"@id\":\"https:\\\/\\\/smartcherry.cl\\\/#\\\/schema\\\/person\\\/8af97e16113dce4b990e1e4cec380025\",\"name\":\"Andrea Garrido\",\"image\":{\"@type\":\"ImageObject\",\"inLanguage\":\"en-US\",\"@id\":\"https:\\\/\\\/smartcherry.cl\\\/wp-content\\\/uploads\\\/2022\\\/03\\\/Andrea-Garrido-150x150.png\",\"url\":\"https:\\\/\\\/smartcherry.cl\\\/wp-content\\\/uploads\\\/2022\\\/03\\\/Andrea-Garrido-150x150.png\",\"contentUrl\":\"https:\\\/\\\/smartcherry.cl\\\/wp-content\\\/uploads\\\/2022\\\/03\\\/Andrea-Garrido-150x150.png\",\"caption\":\"Andrea Garrido\"},\"url\":\"https:\\\/\\\/smartcherry.cl\\\/en\\\/author\\\/agarrido\\\/\"}]}<\/script>\n<!-- \/ Yoast SEO Premium plugin. -->","yoast_head_json":{"title":"As\u00ed se vivi\u00f3 la segunda versi\u00f3n de la ExpoCereza 2022 en Romeral - Smartcherry","robots":{"index":"index","follow":"follow","max-snippet":"max-snippet:-1","max-image-preview":"max-image-preview:large","max-video-preview":"max-video-preview:-1"},"canonical":"https:\/\/smartcherry.cl\/en\/noticias\/asi-se-vivio-la-segunda-version-de-la-expocereza-2022-en-romeral\/","og_locale":"en_US","og_type":"article","og_title":"As\u00ed se vivi\u00f3 la segunda versi\u00f3n de la ExpoCereza 2022 en Romeral","og_description":"Revisa esta completa nota audiovisual sobre el evento organizado por la Municipalidad de Romeral que cont\u00f3 con importantes expositores, entre ellos, Carlos Tapia, Asesor especialista en producci\u00f3n de cerezos, Director [&hellip;]","og_url":"https:\/\/smartcherry.cl\/en\/noticias\/asi-se-vivio-la-segunda-version-de-la-expocereza-2022-en-romeral\/","og_site_name":"Smartcherry","article_publisher":"https:\/\/web.facebook.com\/SmartCherry.cl\/","article_published_time":"2022-10-06T17:16:34+00:00","article_modified_time":"2024-09-12T15:18:07+00:00","og_image":[{"width":1920,"height":1079,"url":"https:\/\/smartcherry.cl\/wp-content\/uploads\/2022\/10\/IMG_7943-scaled.jpg","type":"image\/jpeg"}],"author":"Andrea Garrido","twitter_card":"summary_large_image","twitter_creator":"@SmartCherry_cl","twitter_site":"@SmartCherry_cl","twitter_misc":{"Written by":"Andrea Garrido","Est. reading time":"1 minute"},"schema":{"@context":"https:\/\/schema.org","@graph":[{"@type":"Article","@id":"https:\/\/smartcherry.cl\/noticias\/asi-se-vivio-la-segunda-version-de-la-expocereza-2022-en-romeral\/#article","isPartOf":{"@id":"https:\/\/smartcherry.cl\/noticias\/asi-se-vivio-la-segunda-version-de-la-expocereza-2022-en-romeral\/"},"author":{"name":"Andrea Garrido","@id":"https:\/\/smartcherry.cl\/#\/schema\/person\/8af97e16113dce4b990e1e4cec380025"},"headline":"As\u00ed se vivi\u00f3 la segunda versi\u00f3n de la ExpoCereza 2022 en Romeral","datePublished":"2022-10-06T17:16:34+00:00","dateModified":"2024-09-12T15:18:07+00:00","mainEntityOfPage":{"@id":"https:\/\/smartcherry.cl\/noticias\/asi-se-vivio-la-segunda-version-de-la-expocereza-2022-en-romeral\/"},"wordCount":57,"publisher":{"@id":"https:\/\/smartcherry.cl\/#organization"},"image":{"@id":"https:\/\/smartcherry.cl\/noticias\/asi-se-vivio-la-segunda-version-de-la-expocereza-2022-en-romeral\/#primaryimage"},"thumbnailUrl":"https:\/\/smartcherry.cl\/wp-content\/uploads\/2022\/10\/IMG_7943-scaled.jpg","keywords":["Romeral","ExpoCereza 2022","Ministro Agricultura","Carlos Vergara"],"articleSection":["Videos","Noticias"],"inLanguage":"en-US"},{"@type":"WebPage","@id":"https:\/\/smartcherry.cl\/noticias\/asi-se-vivio-la-segunda-version-de-la-expocereza-2022-en-romeral\/","url":"https:\/\/smartcherry.cl\/noticias\/asi-se-vivio-la-segunda-version-de-la-expocereza-2022-en-romeral\/","name":"As\u00ed se vivi\u00f3 la segunda versi\u00f3n de la ExpoCereza 2022 en Romeral - Smartcherry","isPartOf":{"@id":"https:\/\/smartcherry.cl\/#website"},"primaryImageOfPage":{"@id":"https:\/\/smartcherry.cl\/noticias\/asi-se-vivio-la-segunda-version-de-la-expocereza-2022-en-romeral\/#primaryimage"},"image":{"@id":"https:\/\/smartcherry.cl\/noticias\/asi-se-vivio-la-segunda-version-de-la-expocereza-2022-en-romeral\/#primaryimage"},"thumbnailUrl":"https:\/\/smartcherry.cl\/wp-content\/uploads\/2022\/10\/IMG_7943-scaled.jpg","datePublished":"2022-10-06T17:16:34+00:00","dateModified":"2024-09-12T15:18:07+00:00","breadcrumb":{"@id":"https:\/\/smartcherry.cl\/noticias\/asi-se-vivio-la-segunda-version-de-la-expocereza-2022-en-romeral\/#breadcrumb"},"inLanguage":"en-US","potentialAction":[{"@type":"ReadAction","target":["https:\/\/smartcherry.cl\/noticias\/asi-se-vivio-la-segunda-version-de-la-expocereza-2022-en-romeral\/"]}]},{"@type":"ImageObject","inLanguage":"en-US","@id":"https:\/\/smartcherry.cl\/noticias\/asi-se-vivio-la-segunda-version-de-la-expocereza-2022-en-romeral\/#primaryimage","url":"https:\/\/smartcherry.cl\/wp-content\/uploads\/2022\/10\/IMG_7943-scaled.jpg","contentUrl":"https:\/\/smartcherry.cl\/wp-content\/uploads\/2022\/10\/IMG_7943-scaled.jpg","width":1920,"height":1079},{"@type":"BreadcrumbList","@id":"https:\/\/smartcherry.cl\/noticias\/asi-se-vivio-la-segunda-version-de-la-expocereza-2022-en-romeral\/#breadcrumb","itemListElement":[{"@type":"ListItem","position":1,"name":"Home","item":"https:\/\/smartcherry.cl\/"},{"@type":"ListItem","position":2,"name":"Noticias","item":"https:\/\/smartcherry.cl\/category\/noticias\/"},{"@type":"ListItem","position":3,"name":"As\u00ed se vivi\u00f3 la segunda versi\u00f3n de la ExpoCereza 2022 en Romeral"}]},{"@type":"WebSite","@id":"https:\/\/smartcherry.cl\/#website","url":"https:\/\/smartcherry.cl\/","name":"Smartcherry","description":"Smartcherry Site","publisher":{"@id":"https:\/\/smartcherry.cl\/#organization"},"potentialAction":[{"@type":"SearchAction","target":{"@type":"EntryPoint","urlTemplate":"https:\/\/smartcherry.cl\/?s={search_term_string}"},"query-input":{"@type":"PropertyValueSpecification","valueRequired":true,"valueName":"search_term_string"}}],"inLanguage":"en-US"},{"@type":"Organization","@id":"https:\/\/smartcherry.cl\/#organization","name":"SmartCherry","url":"https:\/\/smartcherry.cl\/","logo":{"@type":"ImageObject","inLanguage":"en-US","@id":"https:\/\/smartcherry.cl\/#\/schema\/logo\/image\/","url":"https:\/\/smartcherry.cl\/wp-content\/uploads\/2022\/02\/logo_smartcherry.png","contentUrl":"https:\/\/smartcherry.cl\/wp-content\/uploads\/2022\/02\/logo_smartcherry.png","width":411,"height":84,"caption":"SmartCherry"},"image":{"@id":"https:\/\/smartcherry.cl\/#\/schema\/logo\/image\/"},"sameAs":["https:\/\/web.facebook.com\/SmartCherry.cl\/","https:\/\/x.com\/SmartCherry_cl","https:\/\/www.linkedin.com\/company\/smartcherry\/","https:\/\/www.instagram.com\/smartcherry_cl\/","https:\/\/www.youtube.com\/channel\/UCe007LfgFFnntDgCcqICbPQ"]},{"@type":"Person","@id":"https:\/\/smartcherry.cl\/#\/schema\/person\/8af97e16113dce4b990e1e4cec380025","name":"Andrea Garrido","image":{"@type":"ImageObject","inLanguage":"en-US","@id":"https:\/\/smartcherry.cl\/wp-content\/uploads\/2022\/03\/Andrea-Garrido-150x150.png","url":"https:\/\/smartcherry.cl\/wp-content\/uploads\/2022\/03\/Andrea-Garrido-150x150.png","contentUrl":"https:\/\/smartcherry.cl\/wp-content\/uploads\/2022\/03\/Andrea-Garrido-150x150.png","caption":"Andrea Garrido"},"url":"https:\/\/smartcherry.cl\/en\/author\/agarrido\/"}]}},"_links":{"self":[{"href":"https:\/\/smartcherry.cl\/en\/wp-json\/wp\/v2\/posts\/16648","targetHints":{"allow":["GET"]}}],"collection":[{"href":"https:\/\/smartcherry.cl\/en\/wp-json\/wp\/v2\/posts"}],"about":[{"href":"https:\/\/smartcherry.cl\/en\/wp-json\/wp\/v2\/types\/post"}],"author":[{"embeddable":true,"href":"https:\/\/smartcherry.cl\/en\/wp-json\/wp\/v2\/users\/239"}],"replies":[{"embeddable":true,"href":"https:\/\/smartcherry.cl\/en\/wp-json\/wp\/v2\/comments?post=16648"}],"version-history":[{"count":1,"href":"https:\/\/smartcherry.cl\/en\/wp-json\/wp\/v2\/posts\/16648\/revisions"}],"predecessor-version":[{"id":38135,"href":"https:\/\/smartcherry.cl\/en\/wp-json\/wp\/v2\/posts\/16648\/revisions\/38135"}],"wp:featuredmedia":[{"embeddable":true,"href":"https:\/\/smartcherry.cl\/en\/wp-json\/wp\/v2\/media\/16536"}],"wp:attachment":[{"href":"https:\/\/smartcherry.cl\/en\/wp-json\/wp\/v2\/media?parent=16648"}],"wp:term":[{"taxonomy":"category","embeddable":true,"href":"https:\/\/smartcherry.cl\/en\/wp-json\/wp\/v2\/categories?post=16648"},{"taxonomy":"post_tag","embeddable":true,"href":"https:\/\/smartcherry.cl\/en\/wp-json\/wp\/v2\/tags?post=16648"},{"taxonomy":"category_proveedor","embeddable":true,"href":"https:\/\/smartcherry.cl\/en\/wp-json\/wp\/v2\/category_proveedor?post=16648"},{"taxonomy":"pais","embeddable":true,"href":"https:\/\/smartcherry.cl\/en\/wp-json\/wp\/v2\/pais?post=16648"}],"curies":[{"name":"wp","href":"https:\/\/api.w.org\/{rel}","templated":true}]}}