{"id":13885,"date":"2022-06-28T12:50:36","date_gmt":"2022-06-28T15:50:36","guid":{"rendered":"https:\/\/smartcherry.cl\/v02\/?post_type=wp_informacion_mas&#038;p=13192"},"modified":"2023-01-18T12:38:02","modified_gmt":"2023-01-18T15:38:02","slug":"protege-tus-cultivos-con-fruteck","status":"publish","type":"post","link":"https:\/\/smartcherry.cl\/en\/planificacion-tareas\/postura-de-techos\/protege-tus-cultivos-con-fruteck\/","title":{"rendered":"Protect your crops with Fruteck"},"content":{"rendered":"<p>In Chile, cherry plantations extend from Coquimbo to the Ays\u00e9n Region, with more than 80 percent of them concentrated between the O&#039;Higgins and Maule regions. In recent years, the surface area of cherry trees has tripled, which has driven the creation and use of new technologies and capabilities to obtain a quality product that meets the standards of the demanding markets to which Chilean cherries are exported, mainly China.<\/p>\n<p>Weather events, especially at certain times of the year, have always been a threat to agriculture and cherry production is no exception; frost, strong winds, rain or hail at certain times can seriously affect the production and quality of the fruit. <span style=\"font-weight: 400;\">&nbsp;<\/span><\/p>\n<p><img fetchpriority=\"high\" decoding=\"async\" class=\"size-medium wp-image-13201 aligncenter\" src=\"https:\/\/smartcherry.cl\/v02\/wp-content\/uploads\/2022\/06\/5bc0820d-debf-4ed7-8f3f-3ccb9b97789e-300x225.jpg\" alt=\"\" width=\"300\" height=\"225\"><\/p>\n<p>Covering with tents has been a key point in the economic recovery of producers, as indicated by studies carried out both nationally and internationally. The increase in fruit size, reduced cracking, decreased pre-harvest diseases, etc.; have been some of the great benefits for farmers.<\/p>\n<p><img decoding=\"async\" class=\"alignnone size-medium wp-image-13200\" src=\"https:\/\/smartcherry.cl\/v02\/wp-content\/uploads\/2022\/06\/28d062f2-1035-43a9-8157-60cf1da22d6e-240x300.jpg\" alt=\"\" width=\"240\" height=\"300\"> <img decoding=\"async\" class=\"alignnone size-medium wp-image-13199\" src=\"https:\/\/smartcherry.cl\/v02\/wp-content\/uploads\/2022\/06\/37b71b40-8ce4-408d-ac38-ffba208c5f08-225x300.jpg\" alt=\"\" width=\"225\" height=\"300\"> <img loading=\"lazy\" decoding=\"async\" class=\"alignnone size-medium wp-image-13198\" src=\"https:\/\/smartcherry.cl\/v02\/wp-content\/uploads\/2022\/06\/93c996ae-f781-4fed-9832-56ccd21c8f1a-225x300.jpg\" alt=\"\" width=\"225\" height=\"300\"> <img loading=\"lazy\" decoding=\"async\" class=\"alignnone size-medium wp-image-13197\" src=\"https:\/\/smartcherry.cl\/v02\/wp-content\/uploads\/2022\/06\/96860ff6-5da8-436f-a612-f7bb21e0e809-225x300.jpg\" alt=\"\" width=\"225\" height=\"300\"><\/p>\n<p><strong>Certified protection<\/strong><\/p>\n<p>One of the most common construction systems is called \u201cgable roof\u201d, which is made up of 2 panels of tents joined at the ridge by oval connectors, to the guide line; the width of the tent is determined by the planting frame, as well as its length.<\/p>\n<p>At Fruteck we care about the quality of our products, which is why we work with European suppliers who ensure the best quality and guarantee for the producer. Therefore, our products have UV filters and certificates that ensure their origin.<\/p>\n<p><img loading=\"lazy\" decoding=\"async\" class=\"alignnone size-medium wp-image-13197\" src=\"https:\/\/smartcherry.cl\/v02\/wp-content\/uploads\/2022\/06\/96860ff6-5da8-436f-a612-f7bb21e0e809-225x300.jpg\" alt=\"\" width=\"225\" height=\"300\"> <img loading=\"lazy\" decoding=\"async\" class=\"alignnone size-medium wp-image-13196\" src=\"https:\/\/smartcherry.cl\/v02\/wp-content\/uploads\/2022\/06\/7485449c-30c0-43ca-8bae-f97843673e16-240x300.jpg\" alt=\"\" width=\"240\" height=\"300\"><\/p>\n<p>In conclusion, we can define the tent cover system as an excellent ally for the producer, since it minimizes risks and maximizes production, which provides excellent returns and ensures a prosperous future.<\/p>\n<p><img loading=\"lazy\" decoding=\"async\" class=\"alignnone size-medium wp-image-13194\" src=\"https:\/\/smartcherry.cl\/v02\/wp-content\/uploads\/2022\/06\/afb16f01-e87d-451a-9089-6fa2ffbc8c52-300x225.jpg\" alt=\"\" width=\"300\" height=\"225\"> <img loading=\"lazy\" decoding=\"async\" class=\"alignnone size-medium wp-image-13195\" src=\"https:\/\/smartcherry.cl\/v02\/wp-content\/uploads\/2022\/06\/a2bab1db-f82d-479e-8b9a-8c33f660cf44-300x225.jpg\" alt=\"\" width=\"300\" height=\"225\"><\/p>\n<p>&nbsp;<\/p>","protected":false},"excerpt":{"rendered":"<p>En Chile, la plantaci\u00f3n de cerezos va desde Coquimbo a la Regi\u00f3n de Ays\u00e9n, centr\u00e1ndose m\u00e1s del 80 por ciento de \u00e9sta, entre las regiones de O\u00b4Higgins y Maule. En [&hellip;]<\/p>\n","protected":false},"author":202,"featured_media":13893,"comment_status":"closed","ping_status":"open","sticky":false,"template":"","format":"standard","meta":{"_acf_changed":false,"inline_featured_image":false,"footnotes":""},"categories":[494],"tags":[235,473,1394,1790,1791,1792],"category_proveedor":[],"pais":[],"class_list":["post-13885","post","type-post","status-publish","format-standard","has-post-thumbnail","hentry","category-postura-de-techos","tag-lluvias","tag-cobertores","tag-fruteck","tag-heladas","tag-granizo","tag-carpas"],"acf":[],"yoast_head":"<!-- This site is optimized with the Yoast SEO Premium plugin v21.3 (Yoast SEO v27.3) - https:\/\/yoast.com\/product\/yoast-seo-premium-wordpress\/ -->\n<title>Protege tus cultivos con Fruteck - Smartcherry<\/title>\n<meta name=\"robots\" content=\"index, follow, max-snippet:-1, max-image-preview:large, max-video-preview:-1\" \/>\n<link rel=\"canonical\" href=\"https:\/\/smartcherry.cl\/en\/planificacion-tareas\/postura-de-techos\/protege-tus-cultivos-con-fruteck\/\" \/>\n<meta property=\"og:locale\" content=\"en_US\" \/>\n<meta property=\"og:type\" content=\"article\" \/>\n<meta property=\"og:title\" content=\"Protege tus cultivos con Fruteck\" \/>\n<meta property=\"og:description\" content=\"En Chile, la plantaci\u00f3n de cerezos va desde Coquimbo a la Regi\u00f3n de Ays\u00e9n, centr\u00e1ndose m\u00e1s del 80 por ciento de \u00e9sta, entre las regiones de O\u00b4Higgins y Maule. En [&hellip;]\" \/>\n<meta property=\"og:url\" content=\"https:\/\/smartcherry.cl\/en\/planificacion-tareas\/postura-de-techos\/protege-tus-cultivos-con-fruteck\/\" \/>\n<meta property=\"og:site_name\" content=\"Smartcherry\" \/>\n<meta property=\"article:publisher\" content=\"https:\/\/web.facebook.com\/SmartCherry.cl\/\" \/>\n<meta property=\"article:published_time\" content=\"2022-06-28T15:50:36+00:00\" \/>\n<meta property=\"article:modified_time\" content=\"2023-01-18T15:38:02+00:00\" \/>\n<meta property=\"og:image\" content=\"https:\/\/smartcherry.cl\/wp-content\/uploads\/2022\/06\/7485449c-30c0-43ca-8bae-f97843673e16.jpg\" \/>\n\t<meta property=\"og:image:width\" content=\"774\" \/>\n\t<meta property=\"og:image:height\" content=\"968\" \/>\n\t<meta property=\"og:image:type\" content=\"image\/jpeg\" \/>\n<meta name=\"author\" content=\"Fruteck\" \/>\n<meta name=\"twitter:card\" content=\"summary_large_image\" \/>\n<meta name=\"twitter:creator\" content=\"@SmartCherry_cl\" \/>\n<meta name=\"twitter:site\" content=\"@SmartCherry_cl\" \/>\n<meta name=\"twitter:label1\" content=\"Written by\" \/>\n\t<meta name=\"twitter:data1\" content=\"Fruteck\" \/>\n\t<meta name=\"twitter:label2\" content=\"Est. reading time\" \/>\n\t<meta name=\"twitter:data2\" content=\"4 minutes\" \/>\n<script type=\"application\/ld+json\" class=\"yoast-schema-graph\">{\"@context\":\"https:\\\/\\\/schema.org\",\"@graph\":[{\"@type\":\"Article\",\"@id\":\"https:\\\/\\\/smartcherry.cl\\\/planificacion-tareas\\\/postura-de-techos\\\/protege-tus-cultivos-con-fruteck\\\/#article\",\"isPartOf\":{\"@id\":\"https:\\\/\\\/smartcherry.cl\\\/planificacion-tareas\\\/postura-de-techos\\\/protege-tus-cultivos-con-fruteck\\\/\"},\"author\":{\"name\":\"Fruteck\",\"@id\":\"https:\\\/\\\/smartcherry.cl\\\/#\\\/schema\\\/person\\\/f3fd557d1f51d442e4604c3ef7ded1d6\"},\"headline\":\"Protege tus cultivos con Fruteck\",\"datePublished\":\"2022-06-28T15:50:36+00:00\",\"dateModified\":\"2023-01-18T15:38:02+00:00\",\"mainEntityOfPage\":{\"@id\":\"https:\\\/\\\/smartcherry.cl\\\/planificacion-tareas\\\/postura-de-techos\\\/protege-tus-cultivos-con-fruteck\\\/\"},\"wordCount\":348,\"publisher\":{\"@id\":\"https:\\\/\\\/smartcherry.cl\\\/#organization\"},\"image\":{\"@id\":\"https:\\\/\\\/smartcherry.cl\\\/planificacion-tareas\\\/postura-de-techos\\\/protege-tus-cultivos-con-fruteck\\\/#primaryimage\"},\"thumbnailUrl\":\"https:\\\/\\\/smartcherry.cl\\\/wp-content\\\/uploads\\\/2022\\\/06\\\/7485449c-30c0-43ca-8bae-f97843673e16.jpg\",\"keywords\":[\"lluvias\",\"cobertores\",\"Fruteck\",\"heladas\",\"granizo\",\"carpas\"],\"articleSection\":[\"Postura de techos\"],\"inLanguage\":\"en-US\"},{\"@type\":\"WebPage\",\"@id\":\"https:\\\/\\\/smartcherry.cl\\\/planificacion-tareas\\\/postura-de-techos\\\/protege-tus-cultivos-con-fruteck\\\/\",\"url\":\"https:\\\/\\\/smartcherry.cl\\\/planificacion-tareas\\\/postura-de-techos\\\/protege-tus-cultivos-con-fruteck\\\/\",\"name\":\"Protege tus cultivos con Fruteck - Smartcherry\",\"isPartOf\":{\"@id\":\"https:\\\/\\\/smartcherry.cl\\\/#website\"},\"primaryImageOfPage\":{\"@id\":\"https:\\\/\\\/smartcherry.cl\\\/planificacion-tareas\\\/postura-de-techos\\\/protege-tus-cultivos-con-fruteck\\\/#primaryimage\"},\"image\":{\"@id\":\"https:\\\/\\\/smartcherry.cl\\\/planificacion-tareas\\\/postura-de-techos\\\/protege-tus-cultivos-con-fruteck\\\/#primaryimage\"},\"thumbnailUrl\":\"https:\\\/\\\/smartcherry.cl\\\/wp-content\\\/uploads\\\/2022\\\/06\\\/7485449c-30c0-43ca-8bae-f97843673e16.jpg\",\"datePublished\":\"2022-06-28T15:50:36+00:00\",\"dateModified\":\"2023-01-18T15:38:02+00:00\",\"breadcrumb\":{\"@id\":\"https:\\\/\\\/smartcherry.cl\\\/planificacion-tareas\\\/postura-de-techos\\\/protege-tus-cultivos-con-fruteck\\\/#breadcrumb\"},\"inLanguage\":\"en-US\",\"potentialAction\":[{\"@type\":\"ReadAction\",\"target\":[\"https:\\\/\\\/smartcherry.cl\\\/planificacion-tareas\\\/postura-de-techos\\\/protege-tus-cultivos-con-fruteck\\\/\"]}]},{\"@type\":\"ImageObject\",\"inLanguage\":\"en-US\",\"@id\":\"https:\\\/\\\/smartcherry.cl\\\/planificacion-tareas\\\/postura-de-techos\\\/protege-tus-cultivos-con-fruteck\\\/#primaryimage\",\"url\":\"https:\\\/\\\/smartcherry.cl\\\/wp-content\\\/uploads\\\/2022\\\/06\\\/7485449c-30c0-43ca-8bae-f97843673e16.jpg\",\"contentUrl\":\"https:\\\/\\\/smartcherry.cl\\\/wp-content\\\/uploads\\\/2022\\\/06\\\/7485449c-30c0-43ca-8bae-f97843673e16.jpg\",\"width\":774,\"height\":968},{\"@type\":\"BreadcrumbList\",\"@id\":\"https:\\\/\\\/smartcherry.cl\\\/planificacion-tareas\\\/postura-de-techos\\\/protege-tus-cultivos-con-fruteck\\\/#breadcrumb\",\"itemListElement\":[{\"@type\":\"ListItem\",\"position\":1,\"name\":\"Home\",\"item\":\"https:\\\/\\\/smartcherry.cl\\\/\"},{\"@type\":\"ListItem\",\"position\":2,\"name\":\"Planificaci\u00f3n - Tareas\",\"item\":\"https:\\\/\\\/smartcherry.cl\\\/category\\\/planificacion-tareas\\\/\"},{\"@type\":\"ListItem\",\"position\":3,\"name\":\"Postura de techos\",\"item\":\"https:\\\/\\\/smartcherry.cl\\\/category\\\/planificacion-tareas\\\/postura-de-techos\\\/\"},{\"@type\":\"ListItem\",\"position\":4,\"name\":\"Protege tus cultivos con Fruteck\"}]},{\"@type\":\"WebSite\",\"@id\":\"https:\\\/\\\/smartcherry.cl\\\/#website\",\"url\":\"https:\\\/\\\/smartcherry.cl\\\/\",\"name\":\"Smartcherry\",\"description\":\"Sitio de Smartcherry\",\"publisher\":{\"@id\":\"https:\\\/\\\/smartcherry.cl\\\/#organization\"},\"potentialAction\":[{\"@type\":\"SearchAction\",\"target\":{\"@type\":\"EntryPoint\",\"urlTemplate\":\"https:\\\/\\\/smartcherry.cl\\\/?s={search_term_string}\"},\"query-input\":{\"@type\":\"PropertyValueSpecification\",\"valueRequired\":true,\"valueName\":\"search_term_string\"}}],\"inLanguage\":\"en-US\"},{\"@type\":\"Organization\",\"@id\":\"https:\\\/\\\/smartcherry.cl\\\/#organization\",\"name\":\"SmartCherry\",\"url\":\"https:\\\/\\\/smartcherry.cl\\\/\",\"logo\":{\"@type\":\"ImageObject\",\"inLanguage\":\"en-US\",\"@id\":\"https:\\\/\\\/smartcherry.cl\\\/#\\\/schema\\\/logo\\\/image\\\/\",\"url\":\"https:\\\/\\\/smartcherry.cl\\\/wp-content\\\/uploads\\\/2022\\\/02\\\/logo_smartcherry.png\",\"contentUrl\":\"https:\\\/\\\/smartcherry.cl\\\/wp-content\\\/uploads\\\/2022\\\/02\\\/logo_smartcherry.png\",\"width\":411,\"height\":84,\"caption\":\"SmartCherry\"},\"image\":{\"@id\":\"https:\\\/\\\/smartcherry.cl\\\/#\\\/schema\\\/logo\\\/image\\\/\"},\"sameAs\":[\"https:\\\/\\\/web.facebook.com\\\/SmartCherry.cl\\\/\",\"https:\\\/\\\/x.com\\\/SmartCherry_cl\",\"https:\\\/\\\/www.linkedin.com\\\/company\\\/smartcherry\\\/\",\"https:\\\/\\\/www.instagram.com\\\/smartcherry_cl\\\/\",\"https:\\\/\\\/www.youtube.com\\\/channel\\\/UCe007LfgFFnntDgCcqICbPQ\"]},{\"@type\":\"Person\",\"@id\":\"https:\\\/\\\/smartcherry.cl\\\/#\\\/schema\\\/person\\\/f3fd557d1f51d442e4604c3ef7ded1d6\",\"name\":\"Fruteck\",\"image\":{\"@type\":\"ImageObject\",\"inLanguage\":\"en-US\",\"@id\":\"https:\\\/\\\/smartcherry.cl\\\/wp-content\\\/uploads\\\/2022\\\/03\\\/fruteck-user-96x96.png\",\"url\":\"https:\\\/\\\/smartcherry.cl\\\/wp-content\\\/uploads\\\/2022\\\/03\\\/fruteck-user-96x96.png\",\"contentUrl\":\"https:\\\/\\\/smartcherry.cl\\\/wp-content\\\/uploads\\\/2022\\\/03\\\/fruteck-user-96x96.png\",\"caption\":\"Fruteck\"},\"url\":\"https:\\\/\\\/smartcherry.cl\\\/en\\\/author\\\/fruteck\\\/\"}]}<\/script>\n<!-- \/ Yoast SEO Premium plugin. -->","yoast_head_json":{"title":"Protege tus cultivos con Fruteck - Smartcherry","robots":{"index":"index","follow":"follow","max-snippet":"max-snippet:-1","max-image-preview":"max-image-preview:large","max-video-preview":"max-video-preview:-1"},"canonical":"https:\/\/smartcherry.cl\/en\/planificacion-tareas\/postura-de-techos\/protege-tus-cultivos-con-fruteck\/","og_locale":"en_US","og_type":"article","og_title":"Protege tus cultivos con Fruteck","og_description":"En Chile, la plantaci\u00f3n de cerezos va desde Coquimbo a la Regi\u00f3n de Ays\u00e9n, centr\u00e1ndose m\u00e1s del 80 por ciento de \u00e9sta, entre las regiones de O\u00b4Higgins y Maule. En [&hellip;]","og_url":"https:\/\/smartcherry.cl\/en\/planificacion-tareas\/postura-de-techos\/protege-tus-cultivos-con-fruteck\/","og_site_name":"Smartcherry","article_publisher":"https:\/\/web.facebook.com\/SmartCherry.cl\/","article_published_time":"2022-06-28T15:50:36+00:00","article_modified_time":"2023-01-18T15:38:02+00:00","og_image":[{"width":774,"height":968,"url":"https:\/\/smartcherry.cl\/wp-content\/uploads\/2022\/06\/7485449c-30c0-43ca-8bae-f97843673e16.jpg","type":"image\/jpeg"}],"author":"Fruteck","twitter_card":"summary_large_image","twitter_creator":"@SmartCherry_cl","twitter_site":"@SmartCherry_cl","twitter_misc":{"Written by":"Fruteck","Est. reading time":"4 minutes"},"schema":{"@context":"https:\/\/schema.org","@graph":[{"@type":"Article","@id":"https:\/\/smartcherry.cl\/planificacion-tareas\/postura-de-techos\/protege-tus-cultivos-con-fruteck\/#article","isPartOf":{"@id":"https:\/\/smartcherry.cl\/planificacion-tareas\/postura-de-techos\/protege-tus-cultivos-con-fruteck\/"},"author":{"name":"Fruteck","@id":"https:\/\/smartcherry.cl\/#\/schema\/person\/f3fd557d1f51d442e4604c3ef7ded1d6"},"headline":"Protege tus cultivos con Fruteck","datePublished":"2022-06-28T15:50:36+00:00","dateModified":"2023-01-18T15:38:02+00:00","mainEntityOfPage":{"@id":"https:\/\/smartcherry.cl\/planificacion-tareas\/postura-de-techos\/protege-tus-cultivos-con-fruteck\/"},"wordCount":348,"publisher":{"@id":"https:\/\/smartcherry.cl\/#organization"},"image":{"@id":"https:\/\/smartcherry.cl\/planificacion-tareas\/postura-de-techos\/protege-tus-cultivos-con-fruteck\/#primaryimage"},"thumbnailUrl":"https:\/\/smartcherry.cl\/wp-content\/uploads\/2022\/06\/7485449c-30c0-43ca-8bae-f97843673e16.jpg","keywords":["lluvias","cobertores","Fruteck","heladas","granizo","carpas"],"articleSection":["Postura de techos"],"inLanguage":"en-US"},{"@type":"WebPage","@id":"https:\/\/smartcherry.cl\/planificacion-tareas\/postura-de-techos\/protege-tus-cultivos-con-fruteck\/","url":"https:\/\/smartcherry.cl\/planificacion-tareas\/postura-de-techos\/protege-tus-cultivos-con-fruteck\/","name":"Protege tus cultivos con Fruteck - Smartcherry","isPartOf":{"@id":"https:\/\/smartcherry.cl\/#website"},"primaryImageOfPage":{"@id":"https:\/\/smartcherry.cl\/planificacion-tareas\/postura-de-techos\/protege-tus-cultivos-con-fruteck\/#primaryimage"},"image":{"@id":"https:\/\/smartcherry.cl\/planificacion-tareas\/postura-de-techos\/protege-tus-cultivos-con-fruteck\/#primaryimage"},"thumbnailUrl":"https:\/\/smartcherry.cl\/wp-content\/uploads\/2022\/06\/7485449c-30c0-43ca-8bae-f97843673e16.jpg","datePublished":"2022-06-28T15:50:36+00:00","dateModified":"2023-01-18T15:38:02+00:00","breadcrumb":{"@id":"https:\/\/smartcherry.cl\/planificacion-tareas\/postura-de-techos\/protege-tus-cultivos-con-fruteck\/#breadcrumb"},"inLanguage":"en-US","potentialAction":[{"@type":"ReadAction","target":["https:\/\/smartcherry.cl\/planificacion-tareas\/postura-de-techos\/protege-tus-cultivos-con-fruteck\/"]}]},{"@type":"ImageObject","inLanguage":"en-US","@id":"https:\/\/smartcherry.cl\/planificacion-tareas\/postura-de-techos\/protege-tus-cultivos-con-fruteck\/#primaryimage","url":"https:\/\/smartcherry.cl\/wp-content\/uploads\/2022\/06\/7485449c-30c0-43ca-8bae-f97843673e16.jpg","contentUrl":"https:\/\/smartcherry.cl\/wp-content\/uploads\/2022\/06\/7485449c-30c0-43ca-8bae-f97843673e16.jpg","width":774,"height":968},{"@type":"BreadcrumbList","@id":"https:\/\/smartcherry.cl\/planificacion-tareas\/postura-de-techos\/protege-tus-cultivos-con-fruteck\/#breadcrumb","itemListElement":[{"@type":"ListItem","position":1,"name":"Home","item":"https:\/\/smartcherry.cl\/"},{"@type":"ListItem","position":2,"name":"Planificaci\u00f3n - Tareas","item":"https:\/\/smartcherry.cl\/category\/planificacion-tareas\/"},{"@type":"ListItem","position":3,"name":"Postura de techos","item":"https:\/\/smartcherry.cl\/category\/planificacion-tareas\/postura-de-techos\/"},{"@type":"ListItem","position":4,"name":"Protege tus cultivos con Fruteck"}]},{"@type":"WebSite","@id":"https:\/\/smartcherry.cl\/#website","url":"https:\/\/smartcherry.cl\/","name":"Smartcherry","description":"Smartcherry Site","publisher":{"@id":"https:\/\/smartcherry.cl\/#organization"},"potentialAction":[{"@type":"SearchAction","target":{"@type":"EntryPoint","urlTemplate":"https:\/\/smartcherry.cl\/?s={search_term_string}"},"query-input":{"@type":"PropertyValueSpecification","valueRequired":true,"valueName":"search_term_string"}}],"inLanguage":"en-US"},{"@type":"Organization","@id":"https:\/\/smartcherry.cl\/#organization","name":"SmartCherry","url":"https:\/\/smartcherry.cl\/","logo":{"@type":"ImageObject","inLanguage":"en-US","@id":"https:\/\/smartcherry.cl\/#\/schema\/logo\/image\/","url":"https:\/\/smartcherry.cl\/wp-content\/uploads\/2022\/02\/logo_smartcherry.png","contentUrl":"https:\/\/smartcherry.cl\/wp-content\/uploads\/2022\/02\/logo_smartcherry.png","width":411,"height":84,"caption":"SmartCherry"},"image":{"@id":"https:\/\/smartcherry.cl\/#\/schema\/logo\/image\/"},"sameAs":["https:\/\/web.facebook.com\/SmartCherry.cl\/","https:\/\/x.com\/SmartCherry_cl","https:\/\/www.linkedin.com\/company\/smartcherry\/","https:\/\/www.instagram.com\/smartcherry_cl\/","https:\/\/www.youtube.com\/channel\/UCe007LfgFFnntDgCcqICbPQ"]},{"@type":"Person","@id":"https:\/\/smartcherry.cl\/#\/schema\/person\/f3fd557d1f51d442e4604c3ef7ded1d6","name":"Fruteck","image":{"@type":"ImageObject","inLanguage":"en-US","@id":"https:\/\/smartcherry.cl\/wp-content\/uploads\/2022\/03\/fruteck-user-96x96.png","url":"https:\/\/smartcherry.cl\/wp-content\/uploads\/2022\/03\/fruteck-user-96x96.png","contentUrl":"https:\/\/smartcherry.cl\/wp-content\/uploads\/2022\/03\/fruteck-user-96x96.png","caption":"Fruteck"},"url":"https:\/\/smartcherry.cl\/en\/author\/fruteck\/"}]}},"_links":{"self":[{"href":"https:\/\/smartcherry.cl\/en\/wp-json\/wp\/v2\/posts\/13885","targetHints":{"allow":["GET"]}}],"collection":[{"href":"https:\/\/smartcherry.cl\/en\/wp-json\/wp\/v2\/posts"}],"about":[{"href":"https:\/\/smartcherry.cl\/en\/wp-json\/wp\/v2\/types\/post"}],"author":[{"embeddable":true,"href":"https:\/\/smartcherry.cl\/en\/wp-json\/wp\/v2\/users\/202"}],"replies":[{"embeddable":true,"href":"https:\/\/smartcherry.cl\/en\/wp-json\/wp\/v2\/comments?post=13885"}],"version-history":[{"count":0,"href":"https:\/\/smartcherry.cl\/en\/wp-json\/wp\/v2\/posts\/13885\/revisions"}],"wp:featuredmedia":[{"embeddable":true,"href":"https:\/\/smartcherry.cl\/en\/wp-json\/wp\/v2\/media\/13893"}],"wp:attachment":[{"href":"https:\/\/smartcherry.cl\/en\/wp-json\/wp\/v2\/media?parent=13885"}],"wp:term":[{"taxonomy":"category","embeddable":true,"href":"https:\/\/smartcherry.cl\/en\/wp-json\/wp\/v2\/categories?post=13885"},{"taxonomy":"post_tag","embeddable":true,"href":"https:\/\/smartcherry.cl\/en\/wp-json\/wp\/v2\/tags?post=13885"},{"taxonomy":"category_proveedor","embeddable":true,"href":"https:\/\/smartcherry.cl\/en\/wp-json\/wp\/v2\/category_proveedor?post=13885"},{"taxonomy":"pais","embeddable":true,"href":"https:\/\/smartcherry.cl\/en\/wp-json\/wp\/v2\/pais?post=13885"}],"curies":[{"name":"wp","href":"https:\/\/api.w.org\/{rel}","templated":true}]}}