{"id":11669,"date":"2022-04-27T10:04:57","date_gmt":"2022-04-27T13:04:57","guid":{"rendered":"https:\/\/smartcherry.cl\/?post_type=wp_informacion_mas&#038;p=11669"},"modified":"2024-09-24T14:42:25","modified_gmt":"2024-09-24T18:42:25","slug":"dia-de-campo-en-sagrada-familia","status":"publish","type":"post","link":"https:\/\/smartcherry.cl\/en\/sin-categoria\/dia-de-campo-en-sagrada-familia\/","title":{"rendered":"Bio Insumos Nativa: Field day in Sagrada Familia"},"content":{"rendered":"<p>We recently had a successful Field Day; the event organized by Bioinsumos Nativa, together with M&amp;V and SummitAgro took place in Sagrada Familia and was attended by producers from the area and exporting companies. The speakers were \u00d3scar Carrasco and Eduardo Donoso, who answered questions from attendees and gave demonstrations on the ground.<\/p>\n<p><img fetchpriority=\"high\" decoding=\"async\" class=\"alignnone size-medium wp-image-11670 aligncenter\" src=\"https:\/\/smartcherry.cl\/wp-content\/uploads\/2022\/04\/BIONATIVA-DIA-DE-CAMPO-300x300.jpeg\" alt=\"\" width=\"300\" height=\"300\" srcset=\"https:\/\/smartcherry.cl\/wp-content\/uploads\/2022\/04\/BIONATIVA-DIA-DE-CAMPO-300x300.jpeg 300w, https:\/\/smartcherry.cl\/wp-content\/uploads\/2022\/04\/BIONATIVA-DIA-DE-CAMPO-150x150.jpeg 150w, https:\/\/smartcherry.cl\/wp-content\/uploads\/2022\/04\/BIONATIVA-DIA-DE-CAMPO-24x24.jpeg 24w, https:\/\/smartcherry.cl\/wp-content\/uploads\/2022\/04\/BIONATIVA-DIA-DE-CAMPO-48x48.jpeg 48w, https:\/\/smartcherry.cl\/wp-content\/uploads\/2022\/04\/BIONATIVA-DIA-DE-CAMPO-96x96.jpeg 96w, https:\/\/smartcherry.cl\/wp-content\/uploads\/2022\/04\/BIONATIVA-DIA-DE-CAMPO.jpeg 620w\" sizes=\"(max-width: 300px) 100vw, 300px\" \/><\/p>","protected":false},"excerpt":{"rendered":"<p>Un exitoso D\u00eda de Campo vivimos recientemente; el evento organizado por Bioinsumos Nativa, junto a M&amp;Vy SummitAgro se llev\u00f3 a cabo en Sagrada Familia y cont\u00f3 con la participaci\u00f3n de [&hellip;]<\/p>\n","protected":false},"author":191,"featured_media":11670,"comment_status":"closed","ping_status":"closed","sticky":false,"template":"","format":"standard","meta":{"_acf_changed":false,"inline_featured_image":false,"footnotes":""},"categories":[1],"tags":[1511,1558,1370,1372,1509,1510],"category_proveedor":[],"pais":[3604],"class_list":["post-11669","post","type-post","status-publish","format-standard","has-post-thumbnail","hentry","category-sin-categoria","tag-eduardo-donoso","tag-not-prov","tag-dia-de-campo","tag-mv","tag-bioinsumos-nativa","tag-oscar-carrasco","pais-chile"],"acf":[],"yoast_head":"<!-- This site is optimized with the Yoast SEO Premium plugin v21.3 (Yoast SEO v27.3) - https:\/\/yoast.com\/product\/yoast-seo-premium-wordpress\/ -->\n<title>Bio Insumos Nativa: D\u00eda de campo en Sagrada Familia - Smartcherry<\/title>\n<meta name=\"robots\" content=\"index, follow, max-snippet:-1, max-image-preview:large, max-video-preview:-1\" \/>\n<link rel=\"canonical\" href=\"https:\/\/smartcherry.cl\/en\/sin-categoria\/dia-de-campo-en-sagrada-familia\/\" \/>\n<meta property=\"og:locale\" content=\"en_US\" \/>\n<meta property=\"og:type\" content=\"article\" \/>\n<meta property=\"og:title\" content=\"Bio Insumos Nativa: D\u00eda de campo en Sagrada Familia\" \/>\n<meta property=\"og:description\" content=\"Un exitoso D\u00eda de Campo vivimos recientemente; el evento organizado por Bioinsumos Nativa, junto a M&amp;Vy SummitAgro se llev\u00f3 a cabo en Sagrada Familia y cont\u00f3 con la participaci\u00f3n de [&hellip;]\" \/>\n<meta property=\"og:url\" content=\"https:\/\/smartcherry.cl\/en\/sin-categoria\/dia-de-campo-en-sagrada-familia\/\" \/>\n<meta property=\"og:site_name\" content=\"Smartcherry\" \/>\n<meta property=\"article:publisher\" content=\"https:\/\/web.facebook.com\/SmartCherry.cl\/\" \/>\n<meta property=\"article:published_time\" content=\"2022-04-27T13:04:57+00:00\" \/>\n<meta property=\"article:modified_time\" content=\"2024-09-24T18:42:25+00:00\" \/>\n<meta property=\"og:image\" content=\"https:\/\/smartcherry.cl\/wp-content\/uploads\/2022\/04\/BIONATIVA-DIA-DE-CAMPO.jpeg\" \/>\n\t<meta property=\"og:image:width\" content=\"620\" \/>\n\t<meta property=\"og:image:height\" content=\"618\" \/>\n\t<meta property=\"og:image:type\" content=\"image\/jpeg\" \/>\n<meta name=\"author\" content=\"Bio Insumos Nativa\" \/>\n<meta name=\"twitter:card\" content=\"summary_large_image\" \/>\n<meta name=\"twitter:creator\" content=\"@SmartCherry_cl\" \/>\n<meta name=\"twitter:site\" content=\"@SmartCherry_cl\" \/>\n<meta name=\"twitter:label1\" content=\"Written by\" \/>\n\t<meta name=\"twitter:data1\" content=\"Bio Insumos Nativa\" \/>\n\t<meta name=\"twitter:label2\" content=\"Est. reading time\" \/>\n\t<meta name=\"twitter:data2\" content=\"1 minute\" \/>\n<script type=\"application\/ld+json\" class=\"yoast-schema-graph\">{\"@context\":\"https:\\\/\\\/schema.org\",\"@graph\":[{\"@type\":\"Article\",\"@id\":\"https:\\\/\\\/smartcherry.cl\\\/sin-categoria\\\/dia-de-campo-en-sagrada-familia\\\/#article\",\"isPartOf\":{\"@id\":\"https:\\\/\\\/smartcherry.cl\\\/sin-categoria\\\/dia-de-campo-en-sagrada-familia\\\/\"},\"author\":{\"name\":\"Bio Insumos Nativa\",\"@id\":\"https:\\\/\\\/smartcherry.cl\\\/#\\\/schema\\\/person\\\/c0250024c60138a7e7c496f9e2c13170\"},\"headline\":\"Bio Insumos Nativa: D\u00eda de campo en Sagrada Familia\",\"datePublished\":\"2022-04-27T13:04:57+00:00\",\"dateModified\":\"2024-09-24T18:42:25+00:00\",\"mainEntityOfPage\":{\"@id\":\"https:\\\/\\\/smartcherry.cl\\\/sin-categoria\\\/dia-de-campo-en-sagrada-familia\\\/\"},\"wordCount\":70,\"publisher\":{\"@id\":\"https:\\\/\\\/smartcherry.cl\\\/#organization\"},\"image\":{\"@id\":\"https:\\\/\\\/smartcherry.cl\\\/sin-categoria\\\/dia-de-campo-en-sagrada-familia\\\/#primaryimage\"},\"thumbnailUrl\":\"https:\\\/\\\/smartcherry.cl\\\/wp-content\\\/uploads\\\/2022\\\/04\\\/BIONATIVA-DIA-DE-CAMPO.jpeg\",\"keywords\":[\"Eduardo Donoso\",\"not-prov\",\"d\u00eda de campo\",\"M&amp;V\",\"BIOINSUMOS NATIVA\",\"\u00d3scar Carrasco\"],\"articleSection\":[\"Sin categor\u00eda\"],\"inLanguage\":\"en-US\"},{\"@type\":\"WebPage\",\"@id\":\"https:\\\/\\\/smartcherry.cl\\\/sin-categoria\\\/dia-de-campo-en-sagrada-familia\\\/\",\"url\":\"https:\\\/\\\/smartcherry.cl\\\/sin-categoria\\\/dia-de-campo-en-sagrada-familia\\\/\",\"name\":\"Bio Insumos Nativa: D\u00eda de campo en Sagrada Familia - Smartcherry\",\"isPartOf\":{\"@id\":\"https:\\\/\\\/smartcherry.cl\\\/#website\"},\"primaryImageOfPage\":{\"@id\":\"https:\\\/\\\/smartcherry.cl\\\/sin-categoria\\\/dia-de-campo-en-sagrada-familia\\\/#primaryimage\"},\"image\":{\"@id\":\"https:\\\/\\\/smartcherry.cl\\\/sin-categoria\\\/dia-de-campo-en-sagrada-familia\\\/#primaryimage\"},\"thumbnailUrl\":\"https:\\\/\\\/smartcherry.cl\\\/wp-content\\\/uploads\\\/2022\\\/04\\\/BIONATIVA-DIA-DE-CAMPO.jpeg\",\"datePublished\":\"2022-04-27T13:04:57+00:00\",\"dateModified\":\"2024-09-24T18:42:25+00:00\",\"breadcrumb\":{\"@id\":\"https:\\\/\\\/smartcherry.cl\\\/sin-categoria\\\/dia-de-campo-en-sagrada-familia\\\/#breadcrumb\"},\"inLanguage\":\"en-US\",\"potentialAction\":[{\"@type\":\"ReadAction\",\"target\":[\"https:\\\/\\\/smartcherry.cl\\\/sin-categoria\\\/dia-de-campo-en-sagrada-familia\\\/\"]}]},{\"@type\":\"ImageObject\",\"inLanguage\":\"en-US\",\"@id\":\"https:\\\/\\\/smartcherry.cl\\\/sin-categoria\\\/dia-de-campo-en-sagrada-familia\\\/#primaryimage\",\"url\":\"https:\\\/\\\/smartcherry.cl\\\/wp-content\\\/uploads\\\/2022\\\/04\\\/BIONATIVA-DIA-DE-CAMPO.jpeg\",\"contentUrl\":\"https:\\\/\\\/smartcherry.cl\\\/wp-content\\\/uploads\\\/2022\\\/04\\\/BIONATIVA-DIA-DE-CAMPO.jpeg\",\"width\":620,\"height\":618},{\"@type\":\"BreadcrumbList\",\"@id\":\"https:\\\/\\\/smartcherry.cl\\\/sin-categoria\\\/dia-de-campo-en-sagrada-familia\\\/#breadcrumb\",\"itemListElement\":[{\"@type\":\"ListItem\",\"position\":1,\"name\":\"Home\",\"item\":\"https:\\\/\\\/smartcherry.cl\\\/\"},{\"@type\":\"ListItem\",\"position\":2,\"name\":\"Sin categor\u00eda\",\"item\":\"https:\\\/\\\/smartcherry.cl\\\/category\\\/sin-categoria\\\/\"},{\"@type\":\"ListItem\",\"position\":3,\"name\":\"Bio Insumos Nativa: D\u00eda de campo en Sagrada Familia\"}]},{\"@type\":\"WebSite\",\"@id\":\"https:\\\/\\\/smartcherry.cl\\\/#website\",\"url\":\"https:\\\/\\\/smartcherry.cl\\\/\",\"name\":\"Smartcherry\",\"description\":\"Sitio de Smartcherry\",\"publisher\":{\"@id\":\"https:\\\/\\\/smartcherry.cl\\\/#organization\"},\"potentialAction\":[{\"@type\":\"SearchAction\",\"target\":{\"@type\":\"EntryPoint\",\"urlTemplate\":\"https:\\\/\\\/smartcherry.cl\\\/?s={search_term_string}\"},\"query-input\":{\"@type\":\"PropertyValueSpecification\",\"valueRequired\":true,\"valueName\":\"search_term_string\"}}],\"inLanguage\":\"en-US\"},{\"@type\":\"Organization\",\"@id\":\"https:\\\/\\\/smartcherry.cl\\\/#organization\",\"name\":\"SmartCherry\",\"url\":\"https:\\\/\\\/smartcherry.cl\\\/\",\"logo\":{\"@type\":\"ImageObject\",\"inLanguage\":\"en-US\",\"@id\":\"https:\\\/\\\/smartcherry.cl\\\/#\\\/schema\\\/logo\\\/image\\\/\",\"url\":\"https:\\\/\\\/smartcherry.cl\\\/wp-content\\\/uploads\\\/2022\\\/02\\\/logo_smartcherry.png\",\"contentUrl\":\"https:\\\/\\\/smartcherry.cl\\\/wp-content\\\/uploads\\\/2022\\\/02\\\/logo_smartcherry.png\",\"width\":411,\"height\":84,\"caption\":\"SmartCherry\"},\"image\":{\"@id\":\"https:\\\/\\\/smartcherry.cl\\\/#\\\/schema\\\/logo\\\/image\\\/\"},\"sameAs\":[\"https:\\\/\\\/web.facebook.com\\\/SmartCherry.cl\\\/\",\"https:\\\/\\\/x.com\\\/SmartCherry_cl\",\"https:\\\/\\\/www.linkedin.com\\\/company\\\/smartcherry\\\/\",\"https:\\\/\\\/www.instagram.com\\\/smartcherry_cl\\\/\",\"https:\\\/\\\/www.youtube.com\\\/channel\\\/UCe007LfgFFnntDgCcqICbPQ\"]},{\"@type\":\"Person\",\"@id\":\"https:\\\/\\\/smartcherry.cl\\\/#\\\/schema\\\/person\\\/c0250024c60138a7e7c496f9e2c13170\",\"name\":\"Bio Insumos Nativa\",\"image\":{\"@type\":\"ImageObject\",\"inLanguage\":\"en-US\",\"@id\":\"https:\\\/\\\/smartcherry.cl\\\/wp-content\\\/uploads\\\/2022\\\/03\\\/nativa-user-96x96.png\",\"url\":\"https:\\\/\\\/smartcherry.cl\\\/wp-content\\\/uploads\\\/2022\\\/03\\\/nativa-user-96x96.png\",\"contentUrl\":\"https:\\\/\\\/smartcherry.cl\\\/wp-content\\\/uploads\\\/2022\\\/03\\\/nativa-user-96x96.png\",\"caption\":\"Bio Insumos Nativa\"},\"url\":\"https:\\\/\\\/smartcherry.cl\\\/en\\\/author\\\/bionativa\\\/\"}]}<\/script>\n<!-- \/ Yoast SEO Premium plugin. -->","yoast_head_json":{"title":"Bio Insumos Nativa: D\u00eda de campo en Sagrada Familia - Smartcherry","robots":{"index":"index","follow":"follow","max-snippet":"max-snippet:-1","max-image-preview":"max-image-preview:large","max-video-preview":"max-video-preview:-1"},"canonical":"https:\/\/smartcherry.cl\/en\/sin-categoria\/dia-de-campo-en-sagrada-familia\/","og_locale":"en_US","og_type":"article","og_title":"Bio Insumos Nativa: D\u00eda de campo en Sagrada Familia","og_description":"Un exitoso D\u00eda de Campo vivimos recientemente; el evento organizado por Bioinsumos Nativa, junto a M&amp;Vy SummitAgro se llev\u00f3 a cabo en Sagrada Familia y cont\u00f3 con la participaci\u00f3n de [&hellip;]","og_url":"https:\/\/smartcherry.cl\/en\/sin-categoria\/dia-de-campo-en-sagrada-familia\/","og_site_name":"Smartcherry","article_publisher":"https:\/\/web.facebook.com\/SmartCherry.cl\/","article_published_time":"2022-04-27T13:04:57+00:00","article_modified_time":"2024-09-24T18:42:25+00:00","og_image":[{"width":620,"height":618,"url":"https:\/\/smartcherry.cl\/wp-content\/uploads\/2022\/04\/BIONATIVA-DIA-DE-CAMPO.jpeg","type":"image\/jpeg"}],"author":"Bio Insumos Nativa","twitter_card":"summary_large_image","twitter_creator":"@SmartCherry_cl","twitter_site":"@SmartCherry_cl","twitter_misc":{"Written by":"Bio Insumos Nativa","Est. reading time":"1 minute"},"schema":{"@context":"https:\/\/schema.org","@graph":[{"@type":"Article","@id":"https:\/\/smartcherry.cl\/sin-categoria\/dia-de-campo-en-sagrada-familia\/#article","isPartOf":{"@id":"https:\/\/smartcherry.cl\/sin-categoria\/dia-de-campo-en-sagrada-familia\/"},"author":{"name":"Bio Insumos Nativa","@id":"https:\/\/smartcherry.cl\/#\/schema\/person\/c0250024c60138a7e7c496f9e2c13170"},"headline":"Bio Insumos Nativa: D\u00eda de campo en Sagrada Familia","datePublished":"2022-04-27T13:04:57+00:00","dateModified":"2024-09-24T18:42:25+00:00","mainEntityOfPage":{"@id":"https:\/\/smartcherry.cl\/sin-categoria\/dia-de-campo-en-sagrada-familia\/"},"wordCount":70,"publisher":{"@id":"https:\/\/smartcherry.cl\/#organization"},"image":{"@id":"https:\/\/smartcherry.cl\/sin-categoria\/dia-de-campo-en-sagrada-familia\/#primaryimage"},"thumbnailUrl":"https:\/\/smartcherry.cl\/wp-content\/uploads\/2022\/04\/BIONATIVA-DIA-DE-CAMPO.jpeg","keywords":["Eduardo Donoso","not-prov","d\u00eda de campo","M&amp;V","BIOINSUMOS NATIVA","\u00d3scar Carrasco"],"articleSection":["Sin categor\u00eda"],"inLanguage":"en-US"},{"@type":"WebPage","@id":"https:\/\/smartcherry.cl\/sin-categoria\/dia-de-campo-en-sagrada-familia\/","url":"https:\/\/smartcherry.cl\/sin-categoria\/dia-de-campo-en-sagrada-familia\/","name":"Bio Insumos Nativa: D\u00eda de campo en Sagrada Familia - Smartcherry","isPartOf":{"@id":"https:\/\/smartcherry.cl\/#website"},"primaryImageOfPage":{"@id":"https:\/\/smartcherry.cl\/sin-categoria\/dia-de-campo-en-sagrada-familia\/#primaryimage"},"image":{"@id":"https:\/\/smartcherry.cl\/sin-categoria\/dia-de-campo-en-sagrada-familia\/#primaryimage"},"thumbnailUrl":"https:\/\/smartcherry.cl\/wp-content\/uploads\/2022\/04\/BIONATIVA-DIA-DE-CAMPO.jpeg","datePublished":"2022-04-27T13:04:57+00:00","dateModified":"2024-09-24T18:42:25+00:00","breadcrumb":{"@id":"https:\/\/smartcherry.cl\/sin-categoria\/dia-de-campo-en-sagrada-familia\/#breadcrumb"},"inLanguage":"en-US","potentialAction":[{"@type":"ReadAction","target":["https:\/\/smartcherry.cl\/sin-categoria\/dia-de-campo-en-sagrada-familia\/"]}]},{"@type":"ImageObject","inLanguage":"en-US","@id":"https:\/\/smartcherry.cl\/sin-categoria\/dia-de-campo-en-sagrada-familia\/#primaryimage","url":"https:\/\/smartcherry.cl\/wp-content\/uploads\/2022\/04\/BIONATIVA-DIA-DE-CAMPO.jpeg","contentUrl":"https:\/\/smartcherry.cl\/wp-content\/uploads\/2022\/04\/BIONATIVA-DIA-DE-CAMPO.jpeg","width":620,"height":618},{"@type":"BreadcrumbList","@id":"https:\/\/smartcherry.cl\/sin-categoria\/dia-de-campo-en-sagrada-familia\/#breadcrumb","itemListElement":[{"@type":"ListItem","position":1,"name":"Home","item":"https:\/\/smartcherry.cl\/"},{"@type":"ListItem","position":2,"name":"Sin categor\u00eda","item":"https:\/\/smartcherry.cl\/category\/sin-categoria\/"},{"@type":"ListItem","position":3,"name":"Bio Insumos Nativa: D\u00eda de campo en Sagrada Familia"}]},{"@type":"WebSite","@id":"https:\/\/smartcherry.cl\/#website","url":"https:\/\/smartcherry.cl\/","name":"Smartcherry","description":"Smartcherry Site","publisher":{"@id":"https:\/\/smartcherry.cl\/#organization"},"potentialAction":[{"@type":"SearchAction","target":{"@type":"EntryPoint","urlTemplate":"https:\/\/smartcherry.cl\/?s={search_term_string}"},"query-input":{"@type":"PropertyValueSpecification","valueRequired":true,"valueName":"search_term_string"}}],"inLanguage":"en-US"},{"@type":"Organization","@id":"https:\/\/smartcherry.cl\/#organization","name":"SmartCherry","url":"https:\/\/smartcherry.cl\/","logo":{"@type":"ImageObject","inLanguage":"en-US","@id":"https:\/\/smartcherry.cl\/#\/schema\/logo\/image\/","url":"https:\/\/smartcherry.cl\/wp-content\/uploads\/2022\/02\/logo_smartcherry.png","contentUrl":"https:\/\/smartcherry.cl\/wp-content\/uploads\/2022\/02\/logo_smartcherry.png","width":411,"height":84,"caption":"SmartCherry"},"image":{"@id":"https:\/\/smartcherry.cl\/#\/schema\/logo\/image\/"},"sameAs":["https:\/\/web.facebook.com\/SmartCherry.cl\/","https:\/\/x.com\/SmartCherry_cl","https:\/\/www.linkedin.com\/company\/smartcherry\/","https:\/\/www.instagram.com\/smartcherry_cl\/","https:\/\/www.youtube.com\/channel\/UCe007LfgFFnntDgCcqICbPQ"]},{"@type":"Person","@id":"https:\/\/smartcherry.cl\/#\/schema\/person\/c0250024c60138a7e7c496f9e2c13170","name":"Native Bio Inputs","image":{"@type":"ImageObject","inLanguage":"en-US","@id":"https:\/\/smartcherry.cl\/wp-content\/uploads\/2022\/03\/nativa-user-96x96.png","url":"https:\/\/smartcherry.cl\/wp-content\/uploads\/2022\/03\/nativa-user-96x96.png","contentUrl":"https:\/\/smartcherry.cl\/wp-content\/uploads\/2022\/03\/nativa-user-96x96.png","caption":"Bio Insumos Nativa"},"url":"https:\/\/smartcherry.cl\/en\/author\/bionativa\/"}]}},"_links":{"self":[{"href":"https:\/\/smartcherry.cl\/en\/wp-json\/wp\/v2\/posts\/11669","targetHints":{"allow":["GET"]}}],"collection":[{"href":"https:\/\/smartcherry.cl\/en\/wp-json\/wp\/v2\/posts"}],"about":[{"href":"https:\/\/smartcherry.cl\/en\/wp-json\/wp\/v2\/types\/post"}],"author":[{"embeddable":true,"href":"https:\/\/smartcherry.cl\/en\/wp-json\/wp\/v2\/users\/191"}],"replies":[{"embeddable":true,"href":"https:\/\/smartcherry.cl\/en\/wp-json\/wp\/v2\/comments?post=11669"}],"version-history":[{"count":1,"href":"https:\/\/smartcherry.cl\/en\/wp-json\/wp\/v2\/posts\/11669\/revisions"}],"predecessor-version":[{"id":39047,"href":"https:\/\/smartcherry.cl\/en\/wp-json\/wp\/v2\/posts\/11669\/revisions\/39047"}],"wp:featuredmedia":[{"embeddable":true,"href":"https:\/\/smartcherry.cl\/en\/wp-json\/wp\/v2\/media\/11670"}],"wp:attachment":[{"href":"https:\/\/smartcherry.cl\/en\/wp-json\/wp\/v2\/media?parent=11669"}],"wp:term":[{"taxonomy":"category","embeddable":true,"href":"https:\/\/smartcherry.cl\/en\/wp-json\/wp\/v2\/categories?post=11669"},{"taxonomy":"post_tag","embeddable":true,"href":"https:\/\/smartcherry.cl\/en\/wp-json\/wp\/v2\/tags?post=11669"},{"taxonomy":"category_proveedor","embeddable":true,"href":"https:\/\/smartcherry.cl\/en\/wp-json\/wp\/v2\/category_proveedor?post=11669"},{"taxonomy":"pais","embeddable":true,"href":"https:\/\/smartcherry.cl\/en\/wp-json\/wp\/v2\/pais?post=11669"}],"curies":[{"name":"wp","href":"https:\/\/api.w.org\/{rel}","templated":true}]}}