{"id":10819,"date":"2022-04-12T00:32:36","date_gmt":"2022-04-12T03:32:36","guid":{"rendered":"https:\/\/smartcherry.cl\/sitio-nuevo\/?post_type=wp_informacion_mas&#038;p=10819"},"modified":"2024-09-24T14:42:53","modified_gmt":"2024-09-24T18:42:53","slug":"dia-de-campo-cerezos-bio-insumos-nativa-myv-huerto-hortifrut-viquenco","status":"publish","type":"post","link":"https:\/\/smartcherry.cl\/en\/sin-categoria\/dia-de-campo-cerezos-bio-insumos-nativa-myv-huerto-hortifrut-viquenco\/","title":{"rendered":"Cherry Field Day Bio Insumos Nativa, MyV, Viquenco Hortifrut Garden"},"content":{"rendered":"<p><img fetchpriority=\"high\" decoding=\"async\" class=\"size-medium wp-image-8269 aligncenter\" src=\"https:\/\/smartcherry.cl\/wp-content\/uploads\/2022\/03\/7B196928-300x225.jpg\" alt=\"\" width=\"300\" height=\"225\"><\/p>\n<p>As part of the autumn campaign for fruit trees, a field day was held in the organic cherry orchard of the Hortifrut company in Virquenco, which incorporates it into its management program<br \/>\nSeveral solutions from our company with excellent results were presented, which were seen by the attendees of the activity, which included farmers from the \u00d1uble and Bio Bio regions. The topics discussed correspond to autumn treatments for the main phytosanitary problems of the cherry tree. The presentation was given by the R&amp;D director of Bio Insumos Nativa, Eduardo Donoso.<br \/>\nand topics such as autumn management for bacterial canker, control of wood diseases during pruning, management and elimination of cankers and use of resistance inducers were addressed.<\/p>\n<p><img decoding=\"async\" class=\"alignnone wp-image-8268 aligncenter\" src=\"https:\/\/smartcherry.cl\/wp-content\/uploads\/2022\/03\/Captura-de-pantalla-2022-03-23-a-las-10.27.23.png\" alt=\"\" width=\"299\" height=\"221\"><\/p>\n<p style=\"text-align: center;\"><em>Effect of organic management on Chape del Cerezo.<\/em><\/p>","protected":false},"excerpt":{"rendered":"<p>Dentro de la campa\u00f1a de oto\u00f1o para frutales, se realiz\u00f3 un d\u00eda de campo en el huerto de cerezos&nbsp;org\u00e1nicos de la empresa Hortifrut en Virquenco, que incorpora dentro de su [&hellip;]<\/p>\n","protected":false},"author":191,"featured_media":10820,"comment_status":"closed","ping_status":"closed","sticky":false,"template":"","format":"standard","meta":{"_acf_changed":false,"inline_featured_image":false,"footnotes":""},"categories":[1],"tags":[1372,1558,1370,1371],"category_proveedor":[],"pais":[3604],"class_list":["post-10819","post","type-post","status-publish","format-standard","has-post-thumbnail","hentry","category-sin-categoria","tag-mv","tag-not-prov","tag-dia-de-campo","tag-huerto-hortifrut-viquenco","pais-chile"],"acf":[],"yoast_head":"<!-- This site is optimized with the Yoast SEO Premium plugin v21.3 (Yoast SEO v27.3) - https:\/\/yoast.com\/product\/yoast-seo-premium-wordpress\/ -->\n<title>D\u00eda de campo cerezos Bio Insumos Nativa, MyV, Huerto Hortifrut Viquenco - Smartcherry<\/title>\n<meta name=\"robots\" content=\"index, follow, max-snippet:-1, max-image-preview:large, max-video-preview:-1\" \/>\n<link rel=\"canonical\" href=\"https:\/\/smartcherry.cl\/en\/sin-categoria\/dia-de-campo-cerezos-bio-insumos-nativa-myv-huerto-hortifrut-viquenco\/\" \/>\n<meta property=\"og:locale\" content=\"en_US\" \/>\n<meta property=\"og:type\" content=\"article\" \/>\n<meta property=\"og:title\" content=\"D\u00eda de campo cerezos Bio Insumos Nativa, MyV, Huerto Hortifrut Viquenco\" \/>\n<meta property=\"og:description\" content=\"Dentro de la campa\u00f1a de oto\u00f1o para frutales, se realiz\u00f3 un d\u00eda de campo en el huerto de cerezos&nbsp;org\u00e1nicos de la empresa Hortifrut en Virquenco, que incorpora dentro de su [&hellip;]\" \/>\n<meta property=\"og:url\" content=\"https:\/\/smartcherry.cl\/en\/sin-categoria\/dia-de-campo-cerezos-bio-insumos-nativa-myv-huerto-hortifrut-viquenco\/\" \/>\n<meta property=\"og:site_name\" content=\"Smartcherry\" \/>\n<meta property=\"article:publisher\" content=\"https:\/\/web.facebook.com\/SmartCherry.cl\/\" \/>\n<meta property=\"article:published_time\" content=\"2022-04-12T03:32:36+00:00\" \/>\n<meta property=\"article:modified_time\" content=\"2024-09-24T18:42:53+00:00\" \/>\n<meta property=\"og:image\" content=\"https:\/\/smartcherry.cl\/wp-content\/uploads\/2022\/04\/DIA-DE-CAMPO-.png\" \/>\n\t<meta property=\"og:image:width\" content=\"690\" \/>\n\t<meta property=\"og:image:height\" content=\"390\" \/>\n\t<meta property=\"og:image:type\" content=\"image\/png\" \/>\n<meta name=\"author\" content=\"Bio Insumos Nativa\" \/>\n<meta name=\"twitter:card\" content=\"summary_large_image\" \/>\n<meta name=\"twitter:creator\" content=\"@SmartCherry_cl\" \/>\n<meta name=\"twitter:site\" content=\"@SmartCherry_cl\" \/>\n<meta name=\"twitter:label1\" content=\"Written by\" \/>\n\t<meta name=\"twitter:data1\" content=\"Bio Insumos Nativa\" \/>\n\t<meta name=\"twitter:label2\" content=\"Est. reading time\" \/>\n\t<meta name=\"twitter:data2\" content=\"1 minute\" \/>\n<script type=\"application\/ld+json\" class=\"yoast-schema-graph\">{\"@context\":\"https:\\\/\\\/schema.org\",\"@graph\":[{\"@type\":\"Article\",\"@id\":\"https:\\\/\\\/smartcherry.cl\\\/sin-categoria\\\/dia-de-campo-cerezos-bio-insumos-nativa-myv-huerto-hortifrut-viquenco\\\/#article\",\"isPartOf\":{\"@id\":\"https:\\\/\\\/smartcherry.cl\\\/sin-categoria\\\/dia-de-campo-cerezos-bio-insumos-nativa-myv-huerto-hortifrut-viquenco\\\/\"},\"author\":{\"name\":\"Bio Insumos Nativa\",\"@id\":\"https:\\\/\\\/smartcherry.cl\\\/#\\\/schema\\\/person\\\/c0250024c60138a7e7c496f9e2c13170\"},\"headline\":\"D\u00eda de campo cerezos Bio Insumos Nativa, MyV, Huerto Hortifrut Viquenco\",\"datePublished\":\"2022-04-12T03:32:36+00:00\",\"dateModified\":\"2024-09-24T18:42:53+00:00\",\"mainEntityOfPage\":{\"@id\":\"https:\\\/\\\/smartcherry.cl\\\/sin-categoria\\\/dia-de-campo-cerezos-bio-insumos-nativa-myv-huerto-hortifrut-viquenco\\\/\"},\"wordCount\":160,\"publisher\":{\"@id\":\"https:\\\/\\\/smartcherry.cl\\\/#organization\"},\"image\":{\"@id\":\"https:\\\/\\\/smartcherry.cl\\\/sin-categoria\\\/dia-de-campo-cerezos-bio-insumos-nativa-myv-huerto-hortifrut-viquenco\\\/#primaryimage\"},\"thumbnailUrl\":\"https:\\\/\\\/smartcherry.cl\\\/wp-content\\\/uploads\\\/2022\\\/04\\\/DIA-DE-CAMPO-.png\",\"keywords\":[\"M&amp;V\",\"not-prov\",\"d\u00eda de campo\",\"Huerto Hortifrut Viquenco\"],\"articleSection\":[\"Sin categor\u00eda\"],\"inLanguage\":\"en-US\"},{\"@type\":\"WebPage\",\"@id\":\"https:\\\/\\\/smartcherry.cl\\\/sin-categoria\\\/dia-de-campo-cerezos-bio-insumos-nativa-myv-huerto-hortifrut-viquenco\\\/\",\"url\":\"https:\\\/\\\/smartcherry.cl\\\/sin-categoria\\\/dia-de-campo-cerezos-bio-insumos-nativa-myv-huerto-hortifrut-viquenco\\\/\",\"name\":\"D\u00eda de campo cerezos Bio Insumos Nativa, MyV, Huerto Hortifrut Viquenco - Smartcherry\",\"isPartOf\":{\"@id\":\"https:\\\/\\\/smartcherry.cl\\\/#website\"},\"primaryImageOfPage\":{\"@id\":\"https:\\\/\\\/smartcherry.cl\\\/sin-categoria\\\/dia-de-campo-cerezos-bio-insumos-nativa-myv-huerto-hortifrut-viquenco\\\/#primaryimage\"},\"image\":{\"@id\":\"https:\\\/\\\/smartcherry.cl\\\/sin-categoria\\\/dia-de-campo-cerezos-bio-insumos-nativa-myv-huerto-hortifrut-viquenco\\\/#primaryimage\"},\"thumbnailUrl\":\"https:\\\/\\\/smartcherry.cl\\\/wp-content\\\/uploads\\\/2022\\\/04\\\/DIA-DE-CAMPO-.png\",\"datePublished\":\"2022-04-12T03:32:36+00:00\",\"dateModified\":\"2024-09-24T18:42:53+00:00\",\"breadcrumb\":{\"@id\":\"https:\\\/\\\/smartcherry.cl\\\/sin-categoria\\\/dia-de-campo-cerezos-bio-insumos-nativa-myv-huerto-hortifrut-viquenco\\\/#breadcrumb\"},\"inLanguage\":\"en-US\",\"potentialAction\":[{\"@type\":\"ReadAction\",\"target\":[\"https:\\\/\\\/smartcherry.cl\\\/sin-categoria\\\/dia-de-campo-cerezos-bio-insumos-nativa-myv-huerto-hortifrut-viquenco\\\/\"]}]},{\"@type\":\"ImageObject\",\"inLanguage\":\"en-US\",\"@id\":\"https:\\\/\\\/smartcherry.cl\\\/sin-categoria\\\/dia-de-campo-cerezos-bio-insumos-nativa-myv-huerto-hortifrut-viquenco\\\/#primaryimage\",\"url\":\"https:\\\/\\\/smartcherry.cl\\\/wp-content\\\/uploads\\\/2022\\\/04\\\/DIA-DE-CAMPO-.png\",\"contentUrl\":\"https:\\\/\\\/smartcherry.cl\\\/wp-content\\\/uploads\\\/2022\\\/04\\\/DIA-DE-CAMPO-.png\",\"width\":690,\"height\":390,\"caption\":\"d\u00eda de campo Bio Nativa\"},{\"@type\":\"BreadcrumbList\",\"@id\":\"https:\\\/\\\/smartcherry.cl\\\/sin-categoria\\\/dia-de-campo-cerezos-bio-insumos-nativa-myv-huerto-hortifrut-viquenco\\\/#breadcrumb\",\"itemListElement\":[{\"@type\":\"ListItem\",\"position\":1,\"name\":\"Home\",\"item\":\"https:\\\/\\\/smartcherry.cl\\\/\"},{\"@type\":\"ListItem\",\"position\":2,\"name\":\"Sin categor\u00eda\",\"item\":\"https:\\\/\\\/smartcherry.cl\\\/category\\\/sin-categoria\\\/\"},{\"@type\":\"ListItem\",\"position\":3,\"name\":\"D\u00eda de campo cerezos Bio Insumos Nativa, MyV, Huerto Hortifrut Viquenco\"}]},{\"@type\":\"WebSite\",\"@id\":\"https:\\\/\\\/smartcherry.cl\\\/#website\",\"url\":\"https:\\\/\\\/smartcherry.cl\\\/\",\"name\":\"Smartcherry\",\"description\":\"Sitio de Smartcherry\",\"publisher\":{\"@id\":\"https:\\\/\\\/smartcherry.cl\\\/#organization\"},\"potentialAction\":[{\"@type\":\"SearchAction\",\"target\":{\"@type\":\"EntryPoint\",\"urlTemplate\":\"https:\\\/\\\/smartcherry.cl\\\/?s={search_term_string}\"},\"query-input\":{\"@type\":\"PropertyValueSpecification\",\"valueRequired\":true,\"valueName\":\"search_term_string\"}}],\"inLanguage\":\"en-US\"},{\"@type\":\"Organization\",\"@id\":\"https:\\\/\\\/smartcherry.cl\\\/#organization\",\"name\":\"SmartCherry\",\"url\":\"https:\\\/\\\/smartcherry.cl\\\/\",\"logo\":{\"@type\":\"ImageObject\",\"inLanguage\":\"en-US\",\"@id\":\"https:\\\/\\\/smartcherry.cl\\\/#\\\/schema\\\/logo\\\/image\\\/\",\"url\":\"https:\\\/\\\/smartcherry.cl\\\/wp-content\\\/uploads\\\/2022\\\/02\\\/logo_smartcherry.png\",\"contentUrl\":\"https:\\\/\\\/smartcherry.cl\\\/wp-content\\\/uploads\\\/2022\\\/02\\\/logo_smartcherry.png\",\"width\":411,\"height\":84,\"caption\":\"SmartCherry\"},\"image\":{\"@id\":\"https:\\\/\\\/smartcherry.cl\\\/#\\\/schema\\\/logo\\\/image\\\/\"},\"sameAs\":[\"https:\\\/\\\/web.facebook.com\\\/SmartCherry.cl\\\/\",\"https:\\\/\\\/x.com\\\/SmartCherry_cl\",\"https:\\\/\\\/www.linkedin.com\\\/company\\\/smartcherry\\\/\",\"https:\\\/\\\/www.instagram.com\\\/smartcherry_cl\\\/\",\"https:\\\/\\\/www.youtube.com\\\/channel\\\/UCe007LfgFFnntDgCcqICbPQ\"]},{\"@type\":\"Person\",\"@id\":\"https:\\\/\\\/smartcherry.cl\\\/#\\\/schema\\\/person\\\/c0250024c60138a7e7c496f9e2c13170\",\"name\":\"Bio Insumos Nativa\",\"image\":{\"@type\":\"ImageObject\",\"inLanguage\":\"en-US\",\"@id\":\"https:\\\/\\\/smartcherry.cl\\\/wp-content\\\/uploads\\\/2022\\\/03\\\/nativa-user-96x96.png\",\"url\":\"https:\\\/\\\/smartcherry.cl\\\/wp-content\\\/uploads\\\/2022\\\/03\\\/nativa-user-96x96.png\",\"contentUrl\":\"https:\\\/\\\/smartcherry.cl\\\/wp-content\\\/uploads\\\/2022\\\/03\\\/nativa-user-96x96.png\",\"caption\":\"Bio Insumos Nativa\"},\"url\":\"https:\\\/\\\/smartcherry.cl\\\/en\\\/author\\\/bionativa\\\/\"}]}<\/script>\n<!-- \/ Yoast SEO Premium plugin. -->","yoast_head_json":{"title":"D\u00eda de campo cerezos Bio Insumos Nativa, MyV, Huerto Hortifrut Viquenco - Smartcherry","robots":{"index":"index","follow":"follow","max-snippet":"max-snippet:-1","max-image-preview":"max-image-preview:large","max-video-preview":"max-video-preview:-1"},"canonical":"https:\/\/smartcherry.cl\/en\/sin-categoria\/dia-de-campo-cerezos-bio-insumos-nativa-myv-huerto-hortifrut-viquenco\/","og_locale":"en_US","og_type":"article","og_title":"D\u00eda de campo cerezos Bio Insumos Nativa, MyV, Huerto Hortifrut Viquenco","og_description":"Dentro de la campa\u00f1a de oto\u00f1o para frutales, se realiz\u00f3 un d\u00eda de campo en el huerto de cerezos&nbsp;org\u00e1nicos de la empresa Hortifrut en Virquenco, que incorpora dentro de su [&hellip;]","og_url":"https:\/\/smartcherry.cl\/en\/sin-categoria\/dia-de-campo-cerezos-bio-insumos-nativa-myv-huerto-hortifrut-viquenco\/","og_site_name":"Smartcherry","article_publisher":"https:\/\/web.facebook.com\/SmartCherry.cl\/","article_published_time":"2022-04-12T03:32:36+00:00","article_modified_time":"2024-09-24T18:42:53+00:00","og_image":[{"width":690,"height":390,"url":"https:\/\/smartcherry.cl\/wp-content\/uploads\/2022\/04\/DIA-DE-CAMPO-.png","type":"image\/png"}],"author":"Bio Insumos Nativa","twitter_card":"summary_large_image","twitter_creator":"@SmartCherry_cl","twitter_site":"@SmartCherry_cl","twitter_misc":{"Written by":"Bio Insumos Nativa","Est. reading time":"1 minute"},"schema":{"@context":"https:\/\/schema.org","@graph":[{"@type":"Article","@id":"https:\/\/smartcherry.cl\/sin-categoria\/dia-de-campo-cerezos-bio-insumos-nativa-myv-huerto-hortifrut-viquenco\/#article","isPartOf":{"@id":"https:\/\/smartcherry.cl\/sin-categoria\/dia-de-campo-cerezos-bio-insumos-nativa-myv-huerto-hortifrut-viquenco\/"},"author":{"name":"Bio Insumos Nativa","@id":"https:\/\/smartcherry.cl\/#\/schema\/person\/c0250024c60138a7e7c496f9e2c13170"},"headline":"D\u00eda de campo cerezos Bio Insumos Nativa, MyV, Huerto Hortifrut Viquenco","datePublished":"2022-04-12T03:32:36+00:00","dateModified":"2024-09-24T18:42:53+00:00","mainEntityOfPage":{"@id":"https:\/\/smartcherry.cl\/sin-categoria\/dia-de-campo-cerezos-bio-insumos-nativa-myv-huerto-hortifrut-viquenco\/"},"wordCount":160,"publisher":{"@id":"https:\/\/smartcherry.cl\/#organization"},"image":{"@id":"https:\/\/smartcherry.cl\/sin-categoria\/dia-de-campo-cerezos-bio-insumos-nativa-myv-huerto-hortifrut-viquenco\/#primaryimage"},"thumbnailUrl":"https:\/\/smartcherry.cl\/wp-content\/uploads\/2022\/04\/DIA-DE-CAMPO-.png","keywords":["M&amp;V","not-prov","d\u00eda de campo","Huerto Hortifrut Viquenco"],"articleSection":["Sin categor\u00eda"],"inLanguage":"en-US"},{"@type":"WebPage","@id":"https:\/\/smartcherry.cl\/sin-categoria\/dia-de-campo-cerezos-bio-insumos-nativa-myv-huerto-hortifrut-viquenco\/","url":"https:\/\/smartcherry.cl\/sin-categoria\/dia-de-campo-cerezos-bio-insumos-nativa-myv-huerto-hortifrut-viquenco\/","name":"D\u00eda de campo cerezos Bio Insumos Nativa, MyV, Huerto Hortifrut Viquenco - Smartcherry","isPartOf":{"@id":"https:\/\/smartcherry.cl\/#website"},"primaryImageOfPage":{"@id":"https:\/\/smartcherry.cl\/sin-categoria\/dia-de-campo-cerezos-bio-insumos-nativa-myv-huerto-hortifrut-viquenco\/#primaryimage"},"image":{"@id":"https:\/\/smartcherry.cl\/sin-categoria\/dia-de-campo-cerezos-bio-insumos-nativa-myv-huerto-hortifrut-viquenco\/#primaryimage"},"thumbnailUrl":"https:\/\/smartcherry.cl\/wp-content\/uploads\/2022\/04\/DIA-DE-CAMPO-.png","datePublished":"2022-04-12T03:32:36+00:00","dateModified":"2024-09-24T18:42:53+00:00","breadcrumb":{"@id":"https:\/\/smartcherry.cl\/sin-categoria\/dia-de-campo-cerezos-bio-insumos-nativa-myv-huerto-hortifrut-viquenco\/#breadcrumb"},"inLanguage":"en-US","potentialAction":[{"@type":"ReadAction","target":["https:\/\/smartcherry.cl\/sin-categoria\/dia-de-campo-cerezos-bio-insumos-nativa-myv-huerto-hortifrut-viquenco\/"]}]},{"@type":"ImageObject","inLanguage":"en-US","@id":"https:\/\/smartcherry.cl\/sin-categoria\/dia-de-campo-cerezos-bio-insumos-nativa-myv-huerto-hortifrut-viquenco\/#primaryimage","url":"https:\/\/smartcherry.cl\/wp-content\/uploads\/2022\/04\/DIA-DE-CAMPO-.png","contentUrl":"https:\/\/smartcherry.cl\/wp-content\/uploads\/2022\/04\/DIA-DE-CAMPO-.png","width":690,"height":390,"caption":"d\u00eda de campo Bio Nativa"},{"@type":"BreadcrumbList","@id":"https:\/\/smartcherry.cl\/sin-categoria\/dia-de-campo-cerezos-bio-insumos-nativa-myv-huerto-hortifrut-viquenco\/#breadcrumb","itemListElement":[{"@type":"ListItem","position":1,"name":"Home","item":"https:\/\/smartcherry.cl\/"},{"@type":"ListItem","position":2,"name":"Sin categor\u00eda","item":"https:\/\/smartcherry.cl\/category\/sin-categoria\/"},{"@type":"ListItem","position":3,"name":"D\u00eda de campo cerezos Bio Insumos Nativa, MyV, Huerto Hortifrut Viquenco"}]},{"@type":"WebSite","@id":"https:\/\/smartcherry.cl\/#website","url":"https:\/\/smartcherry.cl\/","name":"Smartcherry","description":"Smartcherry Site","publisher":{"@id":"https:\/\/smartcherry.cl\/#organization"},"potentialAction":[{"@type":"SearchAction","target":{"@type":"EntryPoint","urlTemplate":"https:\/\/smartcherry.cl\/?s={search_term_string}"},"query-input":{"@type":"PropertyValueSpecification","valueRequired":true,"valueName":"search_term_string"}}],"inLanguage":"en-US"},{"@type":"Organization","@id":"https:\/\/smartcherry.cl\/#organization","name":"SmartCherry","url":"https:\/\/smartcherry.cl\/","logo":{"@type":"ImageObject","inLanguage":"en-US","@id":"https:\/\/smartcherry.cl\/#\/schema\/logo\/image\/","url":"https:\/\/smartcherry.cl\/wp-content\/uploads\/2022\/02\/logo_smartcherry.png","contentUrl":"https:\/\/smartcherry.cl\/wp-content\/uploads\/2022\/02\/logo_smartcherry.png","width":411,"height":84,"caption":"SmartCherry"},"image":{"@id":"https:\/\/smartcherry.cl\/#\/schema\/logo\/image\/"},"sameAs":["https:\/\/web.facebook.com\/SmartCherry.cl\/","https:\/\/x.com\/SmartCherry_cl","https:\/\/www.linkedin.com\/company\/smartcherry\/","https:\/\/www.instagram.com\/smartcherry_cl\/","https:\/\/www.youtube.com\/channel\/UCe007LfgFFnntDgCcqICbPQ"]},{"@type":"Person","@id":"https:\/\/smartcherry.cl\/#\/schema\/person\/c0250024c60138a7e7c496f9e2c13170","name":"Native Bio Inputs","image":{"@type":"ImageObject","inLanguage":"en-US","@id":"https:\/\/smartcherry.cl\/wp-content\/uploads\/2022\/03\/nativa-user-96x96.png","url":"https:\/\/smartcherry.cl\/wp-content\/uploads\/2022\/03\/nativa-user-96x96.png","contentUrl":"https:\/\/smartcherry.cl\/wp-content\/uploads\/2022\/03\/nativa-user-96x96.png","caption":"Bio Insumos Nativa"},"url":"https:\/\/smartcherry.cl\/en\/author\/bionativa\/"}]}},"_links":{"self":[{"href":"https:\/\/smartcherry.cl\/en\/wp-json\/wp\/v2\/posts\/10819","targetHints":{"allow":["GET"]}}],"collection":[{"href":"https:\/\/smartcherry.cl\/en\/wp-json\/wp\/v2\/posts"}],"about":[{"href":"https:\/\/smartcherry.cl\/en\/wp-json\/wp\/v2\/types\/post"}],"author":[{"embeddable":true,"href":"https:\/\/smartcherry.cl\/en\/wp-json\/wp\/v2\/users\/191"}],"replies":[{"embeddable":true,"href":"https:\/\/smartcherry.cl\/en\/wp-json\/wp\/v2\/comments?post=10819"}],"version-history":[{"count":1,"href":"https:\/\/smartcherry.cl\/en\/wp-json\/wp\/v2\/posts\/10819\/revisions"}],"predecessor-version":[{"id":39078,"href":"https:\/\/smartcherry.cl\/en\/wp-json\/wp\/v2\/posts\/10819\/revisions\/39078"}],"wp:featuredmedia":[{"embeddable":true,"href":"https:\/\/smartcherry.cl\/en\/wp-json\/wp\/v2\/media\/10820"}],"wp:attachment":[{"href":"https:\/\/smartcherry.cl\/en\/wp-json\/wp\/v2\/media?parent=10819"}],"wp:term":[{"taxonomy":"category","embeddable":true,"href":"https:\/\/smartcherry.cl\/en\/wp-json\/wp\/v2\/categories?post=10819"},{"taxonomy":"post_tag","embeddable":true,"href":"https:\/\/smartcherry.cl\/en\/wp-json\/wp\/v2\/tags?post=10819"},{"taxonomy":"category_proveedor","embeddable":true,"href":"https:\/\/smartcherry.cl\/en\/wp-json\/wp\/v2\/category_proveedor?post=10819"},{"taxonomy":"pais","embeddable":true,"href":"https:\/\/smartcherry.cl\/en\/wp-json\/wp\/v2\/pais?post=10819"}],"curies":[{"name":"wp","href":"https:\/\/api.w.org\/{rel}","templated":true}]}}